{"id":216005,"date":"2026-04-27T19:32:34","date_gmt":"2026-04-27T18:32:34","guid":{"rendered":"https:\/\/rna.ao\/rna.ao\/?p=216005"},"modified":"2026-04-27T19:32:34","modified_gmt":"2026-04-27T18:32:34","slug":"presidente-da-assembleia-nacional-defende-preservacao-da-paz-e-reforco-da-cooperacao-internacional","status":"publish","type":"post","link":"https:\/\/rna.ao\/rna.ao\/2026\/04\/27\/presidente-da-assembleia-nacional-defende-preservacao-da-paz-e-reforco-da-cooperacao-internacional\/","title":{"rendered":"Presidente da Assembleia Nacional defende preserva\u00e7\u00e3o da paz e refor\u00e7o da coopera\u00e7\u00e3o internacional"},"content":{"rendered":"<p><img loading=\"lazy\" class=\"alignnone size-medium wp-image-216006\" src=\"https:\/\/rna.ao\/rna.ao\/wp-content\/uploads\/2026\/04\/IMG_2239-770x513.jpeg\" alt=\"\" width=\"770\" height=\"513\" srcset=\"https:\/\/rna.ao\/rna.ao\/wp-content\/uploads\/2026\/04\/IMG_2239-770x513.jpeg 770w, https:\/\/rna.ao\/rna.ao\/wp-content\/uploads\/2026\/04\/IMG_2239-1170x780.jpeg 1170w, https:\/\/rna.ao\/rna.ao\/wp-content\/uploads\/2026\/04\/IMG_2239-768x512.jpeg 768w, https:\/\/rna.ao\/rna.ao\/wp-content\/uploads\/2026\/04\/IMG_2239.jpeg 1296w\" sizes=\"(max-width: 770px) 100vw, 770px\" \/><br \/>\nO presidente da Assembleia Nacional, Ad\u00e3o de Almeida, defendeu, esta segunda-feira, em Maputo, a necessidade de preservar a paz e a estabilidade globais, sublinhando a import\u00e2ncia da constru\u00e7\u00e3o de sociedades reconciliadas.<\/p>\n<p>Ao intervir na sess\u00e3o solene da Assembleia da Rep\u00fablica de Mo\u00e7ambique, o respons\u00e1vel destacou que Angola e Mo\u00e7ambique aprenderam, pelas suas hist\u00f3rias, que \u00e9 f\u00e1cil iniciar uma guerra, mas dif\u00edcil construir a paz.<\/p>\n<p>Ad\u00e3o de Almeida refor\u00e7ou que a coopera\u00e7\u00e3o entre os dois pa\u00edses \u00e9 ampla e foi recentemente fortalecida com a assinatura do Programa de Coopera\u00e7\u00e3o 2026-2028, que prev\u00ea ac\u00e7\u00f5es priorit\u00e1rias em v\u00e1rios dom\u00ednios.<\/p>\n<p>No plano regional, defendeu a transforma\u00e7\u00e3o do F\u00f3rum Parlamentar da SADC em Parlamento Regional, como forma de aprofundar a integra\u00e7\u00e3o, e apontou a mobilidade e o refor\u00e7o das trocas comerciais como desafios na CPLP.<\/p>\n<p>O l\u00edder do Parlamento \u00a0sublinhou ainda a necessidade de pol\u00edticas voltadas para os jovens, mulheres e grupos vulner\u00e1veis, como pilares do desenvolvimento sustent\u00e1vel.<\/p>\n<p>Ad\u00e3o de Almeida apelou igualmente ao refor\u00e7o do di\u00e1logo internacional, defendendo que o mundo precisa de mais coopera\u00e7\u00e3o do que competi\u00e7\u00e3o, e destacou a import\u00e2ncia de \u00c1frica assumir um papel activo nas decis\u00f5es globais.<\/p>\n","protected":false},"excerpt":{"rendered":"<p>O presidente da Assembleia Nacional, Ad\u00e3o de Almeida, defendeu, esta segunda-feira, em Maputo, a necessidade de preservar a paz e a estabilidade globais, sublinhando a import\u00e2ncia da constru\u00e7\u00e3o de sociedades reconciliadas. Ao intervir na sess\u00e3o solene da Assembleia da Rep\u00fablica de Mo\u00e7ambique, o respons\u00e1vel destacou que Angola e Mo\u00e7ambique aprenderam, ...<\/p>\n","protected":false},"author":9,"featured_media":216007,"comment_status":"closed","ping_status":"closed","sticky":false,"template":"","format":"standard","meta":[],"categories":[142,121,163],"tags":[],"_links":{"self":[{"href":"https:\/\/rna.ao\/rna.ao\/wp-json\/wp\/v2\/posts\/216005"}],"collection":[{"href":"https:\/\/rna.ao\/rna.ao\/wp-json\/wp\/v2\/posts"}],"about":[{"href":"https:\/\/rna.ao\/rna.ao\/wp-json\/wp\/v2\/types\/post"}],"author":[{"embeddable":true,"href":"https:\/\/rna.ao\/rna.ao\/wp-json\/wp\/v2\/users\/9"}],"replies":[{"embeddable":true,"href":"https:\/\/rna.ao\/rna.ao\/wp-json\/wp\/v2\/comments?post=216005"}],"version-history":[{"count":1,"href":"https:\/\/rna.ao\/rna.ao\/wp-json\/wp\/v2\/posts\/216005\/revisions"}],"predecessor-version":[{"id":216008,"href":"https:\/\/rna.ao\/rna.ao\/wp-json\/wp\/v2\/posts\/216005\/revisions\/216008"}],"wp:featuredmedia":[{"embeddable":true,"href":"https:\/\/rna.ao\/rna.ao\/wp-json\/wp\/v2\/media\/216007"}],"wp:attachment":[{"href":"https:\/\/rna.ao\/rna.ao\/wp-json\/wp\/v2\/media?parent=216005"}],"wp:term":[{"taxonomy":"category","embeddable":true,"href":"https:\/\/rna.ao\/rna.ao\/wp-json\/wp\/v2\/categories?post=216005"},{"taxonomy":"post_tag","embeddable":true,"href":"https:\/\/rna.ao\/rna.ao\/wp-json\/wp\/v2\/tags?post=216005"}],"curies":[{"name":"wp","href":"https:\/\/api.w.org\/{rel}","templated":true}]}}