{"id":215983,"date":"2026-04-27T13:41:10","date_gmt":"2026-04-27T12:41:10","guid":{"rendered":"https:\/\/rna.ao\/rna.ao\/?p=215983"},"modified":"2026-04-27T13:41:10","modified_gmt":"2026-04-27T12:41:10","slug":"angola-acompanha-tensoes-na-africa-do-sul-e-apela-a-calma-dos-cidadaos-angolanos","status":"publish","type":"post","link":"https:\/\/rna.ao\/rna.ao\/2026\/04\/27\/angola-acompanha-tensoes-na-africa-do-sul-e-apela-a-calma-dos-cidadaos-angolanos\/","title":{"rendered":"Angola acompanha tens\u00f5es na \u00c1frica do Sul e apela \u00e0 calma dos cidad\u00e3os angolanos"},"content":{"rendered":"<p><img loading=\"lazy\" class=\"alignnone size-medium wp-image-215986\" src=\"https:\/\/rna.ao\/rna.ao\/wp-content\/uploads\/2026\/04\/IMG_2221-770x433.jpeg\" alt=\"\" width=\"770\" height=\"433\" srcset=\"https:\/\/rna.ao\/rna.ao\/wp-content\/uploads\/2026\/04\/IMG_2221-770x433.jpeg 770w, https:\/\/rna.ao\/rna.ao\/wp-content\/uploads\/2026\/04\/IMG_2221-1170x658.jpeg 1170w, https:\/\/rna.ao\/rna.ao\/wp-content\/uploads\/2026\/04\/IMG_2221-768x432.jpeg 768w, https:\/\/rna.ao\/rna.ao\/wp-content\/uploads\/2026\/04\/IMG_2221.jpeg 1199w\" sizes=\"(max-width: 770px) 100vw, 770px\" \/><br \/>\nA Embaixada da Rep\u00fablica de Angola na \u00c1frica do Sul est\u00e1 a acompanhar com aten\u00e7\u00e3o as recentes manifesta\u00e7\u00f5es e situa\u00e7\u00f5es de tens\u00e3o social registadas naquele pa\u00eds.<\/p>\n<p>Segundo a representa\u00e7\u00e3o diplom\u00e1tica, n\u00e3o h\u00e1, at\u00e9 ao momento, registo de cidad\u00e3os angolanos afectados por actos de viol\u00eancia.<\/p>\n<p>As autoridades angolanas apelam \u00e0 calma e prud\u00eancia, recomendando aos cidad\u00e3os que evitem desloca\u00e7\u00f5es desnecess\u00e1rias, sobretudo para zonas onde se verificam manifesta\u00e7\u00f5es.<\/p>\n<p>A Embaixada orienta ainda o cumprimento rigoroso das indica\u00e7\u00f5es das autoridades locais.<\/p>\n<p>Em caso de necessidade, os cidad\u00e3os podem contactar os servi\u00e7os consulares em Joanesburgo, Cidade do Cabo ou a Embaixada em Pret\u00f3ria.<\/p>\n<p>A miss\u00e3o diplom\u00e1tica reafirma o compromisso de proteger e prestar assist\u00eancia \u00e0 comunidade angolana residente na \u00c1frica do Sul.<\/p>\n","protected":false},"excerpt":{"rendered":"<p>A Embaixada da Rep\u00fablica de Angola na \u00c1frica do Sul est\u00e1 a acompanhar com aten\u00e7\u00e3o as recentes manifesta\u00e7\u00f5es e situa\u00e7\u00f5es de tens\u00e3o social registadas naquele pa\u00eds. Segundo a representa\u00e7\u00e3o diplom\u00e1tica, n\u00e3o h\u00e1, at\u00e9 ao momento, registo de cidad\u00e3os angolanos afectados por actos de viol\u00eancia. As autoridades angolanas apelam \u00e0 calma ...<\/p>\n","protected":false},"author":9,"featured_media":215987,"comment_status":"closed","ping_status":"closed","sticky":false,"template":"","format":"standard","meta":[],"categories":[142,121,163],"tags":[],"_links":{"self":[{"href":"https:\/\/rna.ao\/rna.ao\/wp-json\/wp\/v2\/posts\/215983"}],"collection":[{"href":"https:\/\/rna.ao\/rna.ao\/wp-json\/wp\/v2\/posts"}],"about":[{"href":"https:\/\/rna.ao\/rna.ao\/wp-json\/wp\/v2\/types\/post"}],"author":[{"embeddable":true,"href":"https:\/\/rna.ao\/rna.ao\/wp-json\/wp\/v2\/users\/9"}],"replies":[{"embeddable":true,"href":"https:\/\/rna.ao\/rna.ao\/wp-json\/wp\/v2\/comments?post=215983"}],"version-history":[{"count":1,"href":"https:\/\/rna.ao\/rna.ao\/wp-json\/wp\/v2\/posts\/215983\/revisions"}],"predecessor-version":[{"id":215988,"href":"https:\/\/rna.ao\/rna.ao\/wp-json\/wp\/v2\/posts\/215983\/revisions\/215988"}],"wp:featuredmedia":[{"embeddable":true,"href":"https:\/\/rna.ao\/rna.ao\/wp-json\/wp\/v2\/media\/215987"}],"wp:attachment":[{"href":"https:\/\/rna.ao\/rna.ao\/wp-json\/wp\/v2\/media?parent=215983"}],"wp:term":[{"taxonomy":"category","embeddable":true,"href":"https:\/\/rna.ao\/rna.ao\/wp-json\/wp\/v2\/categories?post=215983"},{"taxonomy":"post_tag","embeddable":true,"href":"https:\/\/rna.ao\/rna.ao\/wp-json\/wp\/v2\/tags?post=215983"}],"curies":[{"name":"wp","href":"https:\/\/api.w.org\/{rel}","templated":true}]}}