{"id":215960,"date":"2026-04-27T17:51:18","date_gmt":"2026-04-27T16:51:18","guid":{"rendered":"https:\/\/rna.ao\/rna.ao\/?p=215960"},"modified":"2026-04-27T17:51:18","modified_gmt":"2026-04-27T16:51:18","slug":"angola-ganha-data-center-e-cloud-nacional-para-impulsionar-transformacao-digital","status":"publish","type":"post","link":"https:\/\/rna.ao\/rna.ao\/2026\/04\/27\/angola-ganha-data-center-e-cloud-nacional-para-impulsionar-transformacao-digital\/","title":{"rendered":"Angola ganha data center e cloud nacional para impulsionar transforma\u00e7\u00e3o digital"},"content":{"rendered":"<p><img loading=\"lazy\" class=\"alignnone size-medium wp-image-215994\" src=\"https:\/\/rna.ao\/rna.ao\/wp-content\/uploads\/2026\/04\/IMG_2228-770x433.jpeg\" alt=\"\" width=\"770\" height=\"433\" srcset=\"https:\/\/rna.ao\/rna.ao\/wp-content\/uploads\/2026\/04\/IMG_2228-770x433.jpeg 770w, https:\/\/rna.ao\/rna.ao\/wp-content\/uploads\/2026\/04\/IMG_2228-1170x658.jpeg 1170w, https:\/\/rna.ao\/rna.ao\/wp-content\/uploads\/2026\/04\/IMG_2228-768x432.jpeg 768w, https:\/\/rna.ao\/rna.ao\/wp-content\/uploads\/2026\/04\/IMG_2228.jpeg 1200w\" sizes=\"(max-width: 770px) 100vw, 770px\" \/><br \/>\nAngola passa a contar com um data center e cloud do Governo, uma infraestrutura tecnol\u00f3gica que vai permitir interligar servi\u00e7os de sectores como Finan\u00e7as, Interior, Educa\u00e7\u00e3o, Sa\u00fade e Telecomunica\u00e7\u00f5es.<\/p>\n<p>A nova plataforma dever\u00e1 refor\u00e7ar a seguran\u00e7a e confian\u00e7a no armazenamento de dados cr\u00edticos, sendo j\u00e1 considerada um passo importante para o alcance da soberania digital.<\/p>\n<p>Com a concretiza\u00e7\u00e3o do projecto, o Executivo pretende promover o desenvolvimento digital da economia, aumentar a efici\u00eancia governativa e impulsionar a transforma\u00e7\u00e3o digital em Angola. Jornalista Sany Fuche. Clique no \u00e1udio abaixo e ou\u00e7a :<\/p>\n\t<div class=\"qtmplayer-playlist-large\">\n\t\t<ul class=\"qtmplayer-playlist\">\n\t\t\t\n\t\t\t\t\t<li class=\"qtmplayer-trackitem\">\n\t\t<img src=\"https:\/\/rna.ao\/rna.ao\/wp-content\/uploads\/2026\/04\/IMG_2228-100x100.jpeg\" alt=\"cover\">\t\t<span \t\t\tdata-qtmplayer-cover=\"https:\/\/rna.ao\/rna.ao\/wp-content\/uploads\/2026\/04\/IMG_2228-370x370.jpeg\"\n\t\t\t\t\t\tdata-qtmplayer-file=\"https:\/\/rna.ao\/rna.ao\/wp-content\/uploads\/2026\/04\/SANY-FUCHI-13HRS.mp3\"\n\t\t\t\t\t\tdata-qtmplayer-title=\"Angola ganha data center e cloud nacional para impulsionar transforma\u00e7\u00e3o digital\"\n\t\t\t\t\t\tdata-qtmplayer-artist=\"Carla Quipungo\"\n\t\t\t\t\t\tdata-qtmplayer-link=\"https:\/\/rna.ao\/rna.ao\/2026\/04\/27\/angola-ganha-data-center-e-cloud-nacional-para-impulsionar-transformacao-digital\/\"\n\t\t\t\t\t\tdata-qtmplayer-icon=\"file_download\"\n\t\t\t\t\t\tdata-qtmplayer-type=\"track\"\n\t\t\t class=\"qtmplayer-play qtmplayer-link-sec qtmplayer-play-btn\"><i class='material-icons'>play_arrow<\/i><\/span>\n\t\t<p>\n\t\t\t<span class=\"qtmplayer-tit\">Angola ganha data center e cloud nacional para impulsionar transforma\u00e7\u00e3o digital<\/span>\n\t\t\t<span class=\"qtmplayer-art\">Carla Quipungo<\/span>\n\t\t<\/p>\n\t<\/li>\n\t\t<\/ul>\n\t<\/div>\t\t\t\n\t\n","protected":false},"excerpt":{"rendered":"<p>Angola passa a contar com um data center e cloud do Governo, uma infraestrutura tecnol\u00f3gica que vai permitir interligar servi\u00e7os de sectores como Finan\u00e7as, Interior, Educa\u00e7\u00e3o, Sa\u00fade e Telecomunica\u00e7\u00f5es. A nova plataforma dever\u00e1 refor\u00e7ar a seguran\u00e7a e confian\u00e7a no armazenamento de dados cr\u00edticos, sendo j\u00e1 considerada um passo importante para ...<\/p>\n","protected":false},"author":9,"featured_media":215994,"comment_status":"closed","ping_status":"closed","sticky":false,"template":"","format":"standard","meta":[],"categories":[142,121,163],"tags":[],"_links":{"self":[{"href":"https:\/\/rna.ao\/rna.ao\/wp-json\/wp\/v2\/posts\/215960"}],"collection":[{"href":"https:\/\/rna.ao\/rna.ao\/wp-json\/wp\/v2\/posts"}],"about":[{"href":"https:\/\/rna.ao\/rna.ao\/wp-json\/wp\/v2\/types\/post"}],"author":[{"embeddable":true,"href":"https:\/\/rna.ao\/rna.ao\/wp-json\/wp\/v2\/users\/9"}],"replies":[{"embeddable":true,"href":"https:\/\/rna.ao\/rna.ao\/wp-json\/wp\/v2\/comments?post=215960"}],"version-history":[{"count":4,"href":"https:\/\/rna.ao\/rna.ao\/wp-json\/wp\/v2\/posts\/215960\/revisions"}],"predecessor-version":[{"id":215995,"href":"https:\/\/rna.ao\/rna.ao\/wp-json\/wp\/v2\/posts\/215960\/revisions\/215995"}],"wp:featuredmedia":[{"embeddable":true,"href":"https:\/\/rna.ao\/rna.ao\/wp-json\/wp\/v2\/media\/215994"}],"wp:attachment":[{"href":"https:\/\/rna.ao\/rna.ao\/wp-json\/wp\/v2\/media?parent=215960"}],"wp:term":[{"taxonomy":"category","embeddable":true,"href":"https:\/\/rna.ao\/rna.ao\/wp-json\/wp\/v2\/categories?post=215960"},{"taxonomy":"post_tag","embeddable":true,"href":"https:\/\/rna.ao\/rna.ao\/wp-json\/wp\/v2\/tags?post=215960"}],"curies":[{"name":"wp","href":"https:\/\/api.w.org\/{rel}","templated":true}]}}