{"id":215951,"date":"2026-04-27T12:53:16","date_gmt":"2026-04-27T11:53:16","guid":{"rendered":"https:\/\/rna.ao\/rna.ao\/?p=215951"},"modified":"2026-04-27T12:53:16","modified_gmt":"2026-04-27T11:53:16","slug":"especialistas-nacionais-e-estrangeiros-analisam-em-luanda-os-modelos-de-concessao-florestal","status":"publish","type":"post","link":"https:\/\/rna.ao\/rna.ao\/2026\/04\/27\/especialistas-nacionais-e-estrangeiros-analisam-em-luanda-os-modelos-de-concessao-florestal\/","title":{"rendered":"Especialistas nacionais e estrangeiros analisam em Luanda os modelos de concess\u00e3o florestal"},"content":{"rendered":"<p><img loading=\"lazy\" class=\"alignnone size-full wp-image-104506\" src=\"https:\/\/rna.ao\/rna.ao\/wp-content\/uploads\/2023\/05\/Arvores.jpg\" alt=\"\" width=\"588\" height=\"345\" \/><\/p>\n<p>Especialistas nacionais e estrangeiros analisam em Luanda os modelos de concess\u00f5es florestais. O evento est\u00e1 a ser orientado pelo Ministro da Agricultura e Florestas.<\/p>\n<p>Isaac dos Anjos disse na ocasi\u00e3o, que Angola possui condi\u00e7\u00f5es florestais suficientes\u00a0 para melhor contribuir na balan\u00e7a econ\u00f3mica do pa\u00eds. Jornalista Dito Tavares. Clique no a\u00fadio abaixo e ou\u00e7a:<\/p>\n\t<div class=\"qtmplayer-playlist-large\">\n\t\t<ul class=\"qtmplayer-playlist\">\n\t\t\t\n\t\t\t\t\t<li class=\"qtmplayer-trackitem\">\n\t\t<img src=\"https:\/\/rna.ao\/rna.ao\/wp-content\/uploads\/2023\/05\/Arvores-100x100.jpg\" alt=\"cover\">\t\t<span \t\t\tdata-qtmplayer-cover=\"https:\/\/rna.ao\/rna.ao\/wp-content\/uploads\/2023\/05\/Arvores.jpg\"\n\t\t\t\t\t\tdata-qtmplayer-file=\"https:\/\/rna.ao\/rna.ao\/wp-content\/uploads\/2026\/04\/DITO-TAVARES-13HRS.mp3\"\n\t\t\t\t\t\tdata-qtmplayer-title=\"Especialistas nacionais e estrangeiros analisam em Luanda os modelos de concess\u00e3o florestal\"\n\t\t\t\t\t\tdata-qtmplayer-artist=\"Patr\u00edcia Campos\"\n\t\t\t\t\t\tdata-qtmplayer-link=\"https:\/\/rna.ao\/rna.ao\/2026\/04\/27\/especialistas-nacionais-e-estrangeiros-analisam-em-luanda-os-modelos-de-concessao-florestal\/\"\n\t\t\t\t\t\tdata-qtmplayer-icon=\"file_download\"\n\t\t\t\t\t\tdata-qtmplayer-type=\"track\"\n\t\t\t class=\"qtmplayer-play qtmplayer-link-sec qtmplayer-play-btn\"><i class='material-icons'>play_arrow<\/i><\/span>\n\t\t<p>\n\t\t\t<span class=\"qtmplayer-tit\">Especialistas nacionais e estrangeiros analisam em Luanda os modelos de concess\u00e3o florestal<\/span>\n\t\t\t<span class=\"qtmplayer-art\">Patr\u00edcia Campos<\/span>\n\t\t<\/p>\n\t<\/li>\n\t\t<\/ul>\n\t<\/div>\t\t\t\n\t\n","protected":false},"excerpt":{"rendered":"<p>Especialistas nacionais e estrangeiros analisam em Luanda os modelos de concess\u00f5es florestais. O evento est\u00e1 a ser orientado pelo Ministro da Agricultura e Florestas. Isaac dos Anjos disse na ocasi\u00e3o, que Angola possui condi\u00e7\u00f5es florestais suficientes\u00a0 para melhor contribuir na balan\u00e7a econ\u00f3mica do pa\u00eds. Jornalista Dito Tavares. Clique no a\u00fadio ...<\/p>\n","protected":false},"author":21,"featured_media":104506,"comment_status":"closed","ping_status":"closed","sticky":false,"template":"","format":"standard","meta":[],"categories":[142,121,164,163],"tags":[],"_links":{"self":[{"href":"https:\/\/rna.ao\/rna.ao\/wp-json\/wp\/v2\/posts\/215951"}],"collection":[{"href":"https:\/\/rna.ao\/rna.ao\/wp-json\/wp\/v2\/posts"}],"about":[{"href":"https:\/\/rna.ao\/rna.ao\/wp-json\/wp\/v2\/types\/post"}],"author":[{"embeddable":true,"href":"https:\/\/rna.ao\/rna.ao\/wp-json\/wp\/v2\/users\/21"}],"replies":[{"embeddable":true,"href":"https:\/\/rna.ao\/rna.ao\/wp-json\/wp\/v2\/comments?post=215951"}],"version-history":[{"count":1,"href":"https:\/\/rna.ao\/rna.ao\/wp-json\/wp\/v2\/posts\/215951\/revisions"}],"predecessor-version":[{"id":215953,"href":"https:\/\/rna.ao\/rna.ao\/wp-json\/wp\/v2\/posts\/215951\/revisions\/215953"}],"wp:featuredmedia":[{"embeddable":true,"href":"https:\/\/rna.ao\/rna.ao\/wp-json\/wp\/v2\/media\/104506"}],"wp:attachment":[{"href":"https:\/\/rna.ao\/rna.ao\/wp-json\/wp\/v2\/media?parent=215951"}],"wp:term":[{"taxonomy":"category","embeddable":true,"href":"https:\/\/rna.ao\/rna.ao\/wp-json\/wp\/v2\/categories?post=215951"},{"taxonomy":"post_tag","embeddable":true,"href":"https:\/\/rna.ao\/rna.ao\/wp-json\/wp\/v2\/tags?post=215951"}],"curies":[{"name":"wp","href":"https:\/\/api.w.org\/{rel}","templated":true}]}}