{"id":215944,"date":"2026-04-27T12:37:39","date_gmt":"2026-04-27T11:37:39","guid":{"rendered":"https:\/\/rna.ao\/rna.ao\/?p=215944"},"modified":"2026-04-27T12:39:09","modified_gmt":"2026-04-27T11:39:09","slug":"militantes-do-padda-intentam-accao-de-impugnacao-do-congresso-extraordinario-realizado-em-marco-ultimo","status":"publish","type":"post","link":"https:\/\/rna.ao\/rna.ao\/2026\/04\/27\/militantes-do-padda-intentam-accao-de-impugnacao-do-congresso-extraordinario-realizado-em-marco-ultimo\/","title":{"rendered":"Membros da Comiss\u00e3o Pol\u00edtica do PADDA intentam ac\u00e7\u00e3o de impugna\u00e7\u00e3o do Congresso Extraordin\u00e1rio realizado em Mar\u00e7o \u00faltimo"},"content":{"rendered":"<p><img loading=\"lazy\" class=\"alignnone size-medium wp-image-215947\" src=\"https:\/\/rna.ao\/rna.ao\/wp-content\/uploads\/2026\/04\/PADDA-1536x1024-1-770x513.jpg\" alt=\"\" width=\"770\" height=\"513\" srcset=\"https:\/\/rna.ao\/rna.ao\/wp-content\/uploads\/2026\/04\/PADDA-1536x1024-1-770x513.jpg 770w, https:\/\/rna.ao\/rna.ao\/wp-content\/uploads\/2026\/04\/PADDA-1536x1024-1-1170x780.jpg 1170w, https:\/\/rna.ao\/rna.ao\/wp-content\/uploads\/2026\/04\/PADDA-1536x1024-1-768x512.jpg 768w, https:\/\/rna.ao\/rna.ao\/wp-content\/uploads\/2026\/04\/PADDA-1536x1024-1.jpg 1536w\" sizes=\"(max-width: 770px) 100vw, 770px\" \/><\/p>\n<p>A Comiss\u00e3o pol\u00edtica\u00a0 da\u00a0 Alian\u00e7a para a Democracia e Desenvolvimento de Angola acusa o seu Presidente, Alexandre Sebasti\u00e3o Andr\u00e9 , de viola\u00e7\u00e3o dos estatutos do Partido.<\/p>\n<p>Segundo o Secret\u00e1rio Nacional Adjunto para os assuntos eleitorais, Pedro Escurga, a Comiss\u00e3o Pol\u00edtica do Partido avan\u00e7ou com uma ac\u00e7\u00e3o judicial junto do Tribunal Constitucional para impugnar o segundo Congresso Ordin\u00e1rio do PADDA, realizado em Mar\u00e7o \u00faltimo, e que resultou na condu\u00e7\u00e3o de Alexandre Sebasti\u00e3o Andr\u00e9 \u00e0 Presid\u00eancia do partido. Jornalista Ant\u00f3nio Chocolate. Clique no a\u00fadio abaixo e ou\u00e7a:<\/p>\n\t<div class=\"qtmplayer-playlist-large\">\n\t\t<ul class=\"qtmplayer-playlist\">\n\t\t\t\n\t\t\t\t\t<li class=\"qtmplayer-trackitem\">\n\t\t<img src=\"https:\/\/rna.ao\/rna.ao\/wp-content\/uploads\/2026\/04\/PADDA-1536x1024-1-100x100.jpg\" alt=\"cover\">\t\t<span \t\t\tdata-qtmplayer-cover=\"https:\/\/rna.ao\/rna.ao\/wp-content\/uploads\/2026\/04\/PADDA-1536x1024-1-370x370.jpg\"\n\t\t\t\t\t\tdata-qtmplayer-file=\"https:\/\/rna.ao\/rna.ao\/wp-content\/uploads\/2026\/04\/ANTONIO-CHOCOLATE-PADDA-AP-13HRS.mp3\"\n\t\t\t\t\t\tdata-qtmplayer-title=\"Membros da Comiss\u00e3o Pol\u00edtica do PADDA intentam ac\u00e7\u00e3o de impugna\u00e7\u00e3o do Congresso Extraordin\u00e1rio realizado em Mar\u00e7o \u00faltimo\"\n\t\t\t\t\t\tdata-qtmplayer-artist=\"Patr\u00edcia Campos\"\n\t\t\t\t\t\tdata-qtmplayer-link=\"https:\/\/rna.ao\/rna.ao\/2026\/04\/27\/militantes-do-padda-intentam-accao-de-impugnacao-do-congresso-extraordinario-realizado-em-marco-ultimo\/\"\n\t\t\t\t\t\tdata-qtmplayer-icon=\"file_download\"\n\t\t\t\t\t\tdata-qtmplayer-type=\"track\"\n\t\t\t class=\"qtmplayer-play qtmplayer-link-sec qtmplayer-play-btn\"><i class='material-icons'>play_arrow<\/i><\/span>\n\t\t<p>\n\t\t\t<span class=\"qtmplayer-tit\">Membros da Comiss\u00e3o Pol\u00edtica do PADDA intentam ac\u00e7\u00e3o de impugna\u00e7\u00e3o do Congresso Extraordin\u00e1rio realizado em Mar\u00e7o \u00faltimo<\/span>\n\t\t\t<span class=\"qtmplayer-art\">Patr\u00edcia Campos<\/span>\n\t\t<\/p>\n\t<\/li>\n\t\t<\/ul>\n\t<\/div>\t\t\t\n\t\n","protected":false},"excerpt":{"rendered":"<p>A Comiss\u00e3o pol\u00edtica\u00a0 da\u00a0 Alian\u00e7a para a Democracia e Desenvolvimento de Angola acusa o seu Presidente, Alexandre Sebasti\u00e3o Andr\u00e9 , de viola\u00e7\u00e3o dos estatutos do Partido. Segundo o Secret\u00e1rio Nacional Adjunto para os assuntos eleitorais, Pedro Escurga, a Comiss\u00e3o Pol\u00edtica do Partido avan\u00e7ou com uma ac\u00e7\u00e3o judicial junto do Tribunal ...<\/p>\n","protected":false},"author":21,"featured_media":215947,"comment_status":"closed","ping_status":"closed","sticky":false,"template":"","format":"standard","meta":[],"categories":[142,121,164,163],"tags":[],"_links":{"self":[{"href":"https:\/\/rna.ao\/rna.ao\/wp-json\/wp\/v2\/posts\/215944"}],"collection":[{"href":"https:\/\/rna.ao\/rna.ao\/wp-json\/wp\/v2\/posts"}],"about":[{"href":"https:\/\/rna.ao\/rna.ao\/wp-json\/wp\/v2\/types\/post"}],"author":[{"embeddable":true,"href":"https:\/\/rna.ao\/rna.ao\/wp-json\/wp\/v2\/users\/21"}],"replies":[{"embeddable":true,"href":"https:\/\/rna.ao\/rna.ao\/wp-json\/wp\/v2\/comments?post=215944"}],"version-history":[{"count":3,"href":"https:\/\/rna.ao\/rna.ao\/wp-json\/wp\/v2\/posts\/215944\/revisions"}],"predecessor-version":[{"id":215950,"href":"https:\/\/rna.ao\/rna.ao\/wp-json\/wp\/v2\/posts\/215944\/revisions\/215950"}],"wp:featuredmedia":[{"embeddable":true,"href":"https:\/\/rna.ao\/rna.ao\/wp-json\/wp\/v2\/media\/215947"}],"wp:attachment":[{"href":"https:\/\/rna.ao\/rna.ao\/wp-json\/wp\/v2\/media?parent=215944"}],"wp:term":[{"taxonomy":"category","embeddable":true,"href":"https:\/\/rna.ao\/rna.ao\/wp-json\/wp\/v2\/categories?post=215944"},{"taxonomy":"post_tag","embeddable":true,"href":"https:\/\/rna.ao\/rna.ao\/wp-json\/wp\/v2\/tags?post=215944"}],"curies":[{"name":"wp","href":"https:\/\/api.w.org\/{rel}","templated":true}]}}