{"id":215939,"date":"2026-04-27T12:04:23","date_gmt":"2026-04-27T11:04:23","guid":{"rendered":"https:\/\/rna.ao\/rna.ao\/?p=215939"},"modified":"2026-04-27T12:04:23","modified_gmt":"2026-04-27T11:04:23","slug":"federacao-angolana-de-tenis-realiza-circuito-sub-12-e-sub-16-em-luanda","status":"publish","type":"post","link":"https:\/\/rna.ao\/rna.ao\/2026\/04\/27\/federacao-angolana-de-tenis-realiza-circuito-sub-12-e-sub-16-em-luanda\/","title":{"rendered":"Federa\u00e7\u00e3o Angolana de T\u00e9nis realiza circuito Sub-12 e Sub-16 em Luanda"},"content":{"rendered":"<p><img loading=\"lazy\" class=\"alignnone size-full wp-image-27901\" src=\"https:\/\/rna.ao\/rna.ao\/wp-content\/uploads\/2021\/06\/Tenis-de-campo.jpg\" alt=\"\" width=\"308\" height=\"170\" \/><br \/>\nA Federa\u00e7\u00e3o Angolana de T\u00e9nis realiza, de 1 a 3 de Maio de 2026, um circuito nas categorias Sub-12 e Sub-16, em masculino e feminino.<\/p>\n<p>A competi\u00e7\u00e3o ter\u00e1 lugar em Luanda, nas instala\u00e7\u00f5es da Academia de T\u00e9nis Kikuxi Villas Club, no \u00e2mbito do calend\u00e1rio oficial da modalidade.<\/p>\n","protected":false},"excerpt":{"rendered":"<p>A Federa\u00e7\u00e3o Angolana de T\u00e9nis realiza, de 1 a 3 de Maio de 2026, um circuito nas categorias Sub-12 e Sub-16, em masculino e feminino. A competi\u00e7\u00e3o ter\u00e1 lugar em Luanda, nas instala\u00e7\u00f5es da Academia de T\u00e9nis Kikuxi Villas Club, no \u00e2mbito do calend\u00e1rio oficial da modalidade.<\/p>\n","protected":false},"author":9,"featured_media":89063,"comment_status":"closed","ping_status":"closed","sticky":false,"template":"","format":"standard","meta":[],"categories":[145,125],"tags":[],"_links":{"self":[{"href":"https:\/\/rna.ao\/rna.ao\/wp-json\/wp\/v2\/posts\/215939"}],"collection":[{"href":"https:\/\/rna.ao\/rna.ao\/wp-json\/wp\/v2\/posts"}],"about":[{"href":"https:\/\/rna.ao\/rna.ao\/wp-json\/wp\/v2\/types\/post"}],"author":[{"embeddable":true,"href":"https:\/\/rna.ao\/rna.ao\/wp-json\/wp\/v2\/users\/9"}],"replies":[{"embeddable":true,"href":"https:\/\/rna.ao\/rna.ao\/wp-json\/wp\/v2\/comments?post=215939"}],"version-history":[{"count":2,"href":"https:\/\/rna.ao\/rna.ao\/wp-json\/wp\/v2\/posts\/215939\/revisions"}],"predecessor-version":[{"id":215941,"href":"https:\/\/rna.ao\/rna.ao\/wp-json\/wp\/v2\/posts\/215939\/revisions\/215941"}],"wp:featuredmedia":[{"embeddable":true,"href":"https:\/\/rna.ao\/rna.ao\/wp-json\/wp\/v2\/media\/89063"}],"wp:attachment":[{"href":"https:\/\/rna.ao\/rna.ao\/wp-json\/wp\/v2\/media?parent=215939"}],"wp:term":[{"taxonomy":"category","embeddable":true,"href":"https:\/\/rna.ao\/rna.ao\/wp-json\/wp\/v2\/categories?post=215939"},{"taxonomy":"post_tag","embeddable":true,"href":"https:\/\/rna.ao\/rna.ao\/wp-json\/wp\/v2\/tags?post=215939"}],"curies":[{"name":"wp","href":"https:\/\/api.w.org\/{rel}","templated":true}]}}