{"id":215934,"date":"2026-04-27T12:20:47","date_gmt":"2026-04-27T11:20:47","guid":{"rendered":"https:\/\/rna.ao\/rna.ao\/?p=215934"},"modified":"2026-04-27T12:20:47","modified_gmt":"2026-04-27T11:20:47","slug":"seleccoes-de-patinagem-concluem-preparacao-para-jogos-africanos-no-cairo","status":"publish","type":"post","link":"https:\/\/rna.ao\/rna.ao\/2026\/04\/27\/seleccoes-de-patinagem-concluem-preparacao-para-jogos-africanos-no-cairo\/","title":{"rendered":"Selec\u00e7\u00f5es de patinagem concluem prepara\u00e7\u00e3o para Jogos Africanos no Cairo"},"content":{"rendered":"<p><img loading=\"lazy\" class=\"alignnone size-full wp-image-22663\" src=\"https:\/\/rna.ao\/rna.ao\/wp-content\/uploads\/2021\/04\/Multiuso-do-Kilamba.jpg\" alt=\"\" width=\"288\" height=\"193\" \/><\/p>\n<p>As selec\u00e7\u00f5es angolanas de patinagem, nas disciplinas de Inline Freestyle e Inline Speed, encerram hoje a prepara\u00e7\u00e3o no pa\u00eds, com vista \u00e0 participa\u00e7\u00e3o nos III Jogos Africanos de Patinagem, a decorrer no Cairo, Egipto, de 1 a 5 de Maio.<\/p>\n<p>A \u00faltima sess\u00e3o de treinos acontece no Multiusos Arena do Kilamba.<\/p>\n<p>A comitiva nacional segue para o Cairo esta quarta-feira, segundo o secret\u00e1rio-geral da Federa\u00e7\u00e3o Angolana de Patinagem, Jos\u00e9 Gamboa.<\/p>\n\t<div class=\"qtmplayer-playlist-large\">\n\t\t<ul class=\"qtmplayer-playlist\">\n\t\t\t\n\t\t\t\t\t<li class=\"qtmplayer-trackitem\">\n\t\t<img src=\"https:\/\/rna.ao\/rna.ao\/wp-content\/uploads\/2021\/04\/Multiuso-do-Kilamba-100x100.jpg\" alt=\"cover\">\t\t<span \t\t\tdata-qtmplayer-cover=\"https:\/\/rna.ao\/rna.ao\/wp-content\/uploads\/2021\/04\/Multiuso-do-Kilamba.jpg\"\n\t\t\t\t\t\tdata-qtmplayer-file=\"https:\/\/rna.ao\/rna.ao\/wp-content\/uploads\/2026\/04\/JOSE-GAMBOA-27-04-26-.mp3\"\n\t\t\t\t\t\tdata-qtmplayer-title=\"Selec\u00e7\u00f5es de patinagem concluem prepara\u00e7\u00e3o para Jogos Africanos no Cairo\"\n\t\t\t\t\t\tdata-qtmplayer-artist=\"Carla Quipungo\"\n\t\t\t\t\t\tdata-qtmplayer-link=\"https:\/\/rna.ao\/rna.ao\/2026\/04\/27\/seleccoes-de-patinagem-concluem-preparacao-para-jogos-africanos-no-cairo\/\"\n\t\t\t\t\t\tdata-qtmplayer-icon=\"file_download\"\n\t\t\t\t\t\tdata-qtmplayer-type=\"track\"\n\t\t\t class=\"qtmplayer-play qtmplayer-link-sec qtmplayer-play-btn\"><i class='material-icons'>play_arrow<\/i><\/span>\n\t\t<p>\n\t\t\t<span class=\"qtmplayer-tit\">Selec\u00e7\u00f5es de patinagem concluem prepara\u00e7\u00e3o para Jogos Africanos no Cairo<\/span>\n\t\t\t<span class=\"qtmplayer-art\">Carla Quipungo<\/span>\n\t\t<\/p>\n\t<\/li>\n\t\t<\/ul>\n\t<\/div>\t\t\t\n\t\n<p>Jos\u00e9 Gamboa, secret\u00e1rio geral da Federa\u00e7\u00e3o angolana de Patinagem.<\/p>\n<p>Osvaldo Miguel o selecionador de In Line Freestyle faz o rescaldo do n\u00edvel apresentado pelos atletas.<\/p>\n\t<div class=\"qtmplayer-playlist-large\">\n\t\t<ul class=\"qtmplayer-playlist\">\n\t\t\t\n\t\t\t\t\t<li class=\"qtmplayer-trackitem\">\n\t\t<img src=\"https:\/\/rna.ao\/rna.ao\/wp-content\/uploads\/2021\/04\/Multiuso-do-Kilamba-100x100.jpg\" alt=\"cover\">\t\t<span \t\t\tdata-qtmplayer-cover=\"https:\/\/rna.ao\/rna.ao\/wp-content\/uploads\/2021\/04\/Multiuso-do-Kilamba.jpg\"\n\t\t\t\t\t\tdata-qtmplayer-file=\"https:\/\/rna.ao\/rna.ao\/wp-content\/uploads\/2026\/04\/OSVALDO-MIGUEL-27-04-26.mp3\"\n\t\t\t\t\t\tdata-qtmplayer-title=\"Selec\u00e7\u00f5es de patinagem concluem prepara\u00e7\u00e3o para Jogos Africanos no Cairo\"\n\t\t\t\t\t\tdata-qtmplayer-artist=\"Carla Quipungo\"\n\t\t\t\t\t\tdata-qtmplayer-link=\"https:\/\/rna.ao\/rna.ao\/2026\/04\/27\/seleccoes-de-patinagem-concluem-preparacao-para-jogos-africanos-no-cairo\/\"\n\t\t\t\t\t\tdata-qtmplayer-icon=\"file_download\"\n\t\t\t\t\t\tdata-qtmplayer-type=\"track\"\n\t\t\t class=\"qtmplayer-play qtmplayer-link-sec qtmplayer-play-btn\"><i class='material-icons'>play_arrow<\/i><\/span>\n\t\t<p>\n\t\t\t<span class=\"qtmplayer-tit\">Selec\u00e7\u00f5es de patinagem concluem prepara\u00e7\u00e3o para Jogos Africanos no Cairo<\/span>\n\t\t\t<span class=\"qtmplayer-art\">Carla Quipungo<\/span>\n\t\t<\/p>\n\t<\/li>\n\t\t<\/ul>\n\t<\/div>\t\t\t\n\t\n<p>Osvaldo Miguel o selecionador nacional de In Line Freestyle.<\/p>\n","protected":false},"excerpt":{"rendered":"<p>As selec\u00e7\u00f5es angolanas de patinagem, nas disciplinas de Inline Freestyle e Inline Speed, encerram hoje a prepara\u00e7\u00e3o no pa\u00eds, com vista \u00e0 participa\u00e7\u00e3o nos III Jogos Africanos de Patinagem, a decorrer no Cairo, Egipto, de 1 a 5 de Maio. A \u00faltima sess\u00e3o de treinos acontece no Multiusos Arena do ...<\/p>\n","protected":false},"author":9,"featured_media":22663,"comment_status":"closed","ping_status":"closed","sticky":false,"template":"","format":"standard","meta":[],"categories":[145,125],"tags":[],"_links":{"self":[{"href":"https:\/\/rna.ao\/rna.ao\/wp-json\/wp\/v2\/posts\/215934"}],"collection":[{"href":"https:\/\/rna.ao\/rna.ao\/wp-json\/wp\/v2\/posts"}],"about":[{"href":"https:\/\/rna.ao\/rna.ao\/wp-json\/wp\/v2\/types\/post"}],"author":[{"embeddable":true,"href":"https:\/\/rna.ao\/rna.ao\/wp-json\/wp\/v2\/users\/9"}],"replies":[{"embeddable":true,"href":"https:\/\/rna.ao\/rna.ao\/wp-json\/wp\/v2\/comments?post=215934"}],"version-history":[{"count":2,"href":"https:\/\/rna.ao\/rna.ao\/wp-json\/wp\/v2\/posts\/215934\/revisions"}],"predecessor-version":[{"id":215945,"href":"https:\/\/rna.ao\/rna.ao\/wp-json\/wp\/v2\/posts\/215934\/revisions\/215945"}],"wp:featuredmedia":[{"embeddable":true,"href":"https:\/\/rna.ao\/rna.ao\/wp-json\/wp\/v2\/media\/22663"}],"wp:attachment":[{"href":"https:\/\/rna.ao\/rna.ao\/wp-json\/wp\/v2\/media?parent=215934"}],"wp:term":[{"taxonomy":"category","embeddable":true,"href":"https:\/\/rna.ao\/rna.ao\/wp-json\/wp\/v2\/categories?post=215934"},{"taxonomy":"post_tag","embeddable":true,"href":"https:\/\/rna.ao\/rna.ao\/wp-json\/wp\/v2\/tags?post=215934"}],"curies":[{"name":"wp","href":"https:\/\/api.w.org\/{rel}","templated":true}]}}