{"id":215910,"date":"2026-04-27T09:11:44","date_gmt":"2026-04-27T08:11:44","guid":{"rendered":"https:\/\/rna.ao\/rna.ao\/?p=215910"},"modified":"2026-04-27T09:11:44","modified_gmt":"2026-04-27T08:11:44","slug":"governo-prepara-medidas-para-facilitar-o-acesso-ao-credito-as-pequenas-e-medias-empresas","status":"publish","type":"post","link":"https:\/\/rna.ao\/rna.ao\/2026\/04\/27\/governo-prepara-medidas-para-facilitar-o-acesso-ao-credito-as-pequenas-e-medias-empresas\/","title":{"rendered":"Governo prepara medidas para facilitar o acesso ao cr\u00e9dito \u00e0s pequenas e m\u00e9dias empresas"},"content":{"rendered":"<p><img loading=\"lazy\" class=\"alignnone  wp-image-133455\" src=\"https:\/\/rna.ao\/rna.ao\/wp-content\/uploads\/2024\/03\/assembleia-nacional-votacao.jpg\" alt=\"\" width=\"487\" height=\"325\" \/><\/p>\n<p>O Governo vai avan\u00e7ar, ainda este ano, com a cria\u00e7\u00e3o de medidas alternativas de acesso ao cr\u00e9dito.<\/p>\n<p>A\u00a0 Proposta de Lei do Regime Jur\u00eddico do Financiamento Colaborativo,aprovada na generalidade pelos deputados \u00e0 Assembleia Nacional , aguarda a discuss\u00e3o nas comiss\u00f5es de trabalho especializadas.<\/p>\n<p>A ideia \u00e9 ampliar as fontes de financiamento, estimular o empreendedorismo e refor\u00e7ar a inclus\u00e3o financeira no pa\u00eds. Ant\u00f3nio Chocolate. Clique no audio abaixo e ou\u00e7a:<\/p>\n\t<div class=\"qtmplayer-playlist-large\">\n\t\t<ul class=\"qtmplayer-playlist\">\n\t\t\t\n\t\t\t\t\t<li class=\"qtmplayer-trackitem\">\n\t\t<img src=\"https:\/\/rna.ao\/rna.ao\/wp-content\/uploads\/2020\/11\/deputados-votos-100x100.jpg\" alt=\"cover\">\t\t<span \t\t\tdata-qtmplayer-cover=\"https:\/\/rna.ao\/rna.ao\/wp-content\/uploads\/2020\/11\/deputados-votos.jpg\"\n\t\t\t\t\t\tdata-qtmplayer-file=\"https:\/\/rna.ao\/rna.ao\/wp-content\/uploads\/2026\/04\/ANTONIO-CHOCOLATE-7-HRS-1.mp3\"\n\t\t\t\t\t\tdata-qtmplayer-title=\"Governo prepara medidas para facilitar o acesso ao cr\u00e9dito \u00e0s pequenas e m\u00e9dias empresas\"\n\t\t\t\t\t\tdata-qtmplayer-artist=\"Patr\u00edcia Campos\"\n\t\t\t\t\t\tdata-qtmplayer-link=\"https:\/\/rna.ao\/rna.ao\/2026\/04\/27\/governo-prepara-medidas-para-facilitar-o-acesso-ao-credito-as-pequenas-e-medias-empresas\/\"\n\t\t\t\t\t\tdata-qtmplayer-icon=\"file_download\"\n\t\t\t\t\t\tdata-qtmplayer-type=\"track\"\n\t\t\t class=\"qtmplayer-play qtmplayer-link-sec qtmplayer-play-btn\"><i class='material-icons'>play_arrow<\/i><\/span>\n\t\t<p>\n\t\t\t<span class=\"qtmplayer-tit\">Governo prepara medidas para facilitar o acesso ao cr\u00e9dito \u00e0s pequenas e m\u00e9dias empresas<\/span>\n\t\t\t<span class=\"qtmplayer-art\">Patr\u00edcia Campos<\/span>\n\t\t<\/p>\n\t<\/li>\n\t\t<\/ul>\n\t<\/div>\t\t\t\n\t\n<p>&nbsp;<\/p>\n","protected":false},"excerpt":{"rendered":"<p>O Governo vai avan\u00e7ar, ainda este ano, com a cria\u00e7\u00e3o de medidas alternativas de acesso ao cr\u00e9dito. A\u00a0 Proposta de Lei do Regime Jur\u00eddico do Financiamento Colaborativo,aprovada na generalidade pelos deputados \u00e0 Assembleia Nacional , aguarda a discuss\u00e3o nas comiss\u00f5es de trabalho especializadas. A ideia \u00e9 ampliar as fontes de ...<\/p>\n","protected":false},"author":21,"featured_media":11522,"comment_status":"closed","ping_status":"closed","sticky":false,"template":"","format":"standard","meta":[],"categories":[142,121,164,163],"tags":[],"_links":{"self":[{"href":"https:\/\/rna.ao\/rna.ao\/wp-json\/wp\/v2\/posts\/215910"}],"collection":[{"href":"https:\/\/rna.ao\/rna.ao\/wp-json\/wp\/v2\/posts"}],"about":[{"href":"https:\/\/rna.ao\/rna.ao\/wp-json\/wp\/v2\/types\/post"}],"author":[{"embeddable":true,"href":"https:\/\/rna.ao\/rna.ao\/wp-json\/wp\/v2\/users\/21"}],"replies":[{"embeddable":true,"href":"https:\/\/rna.ao\/rna.ao\/wp-json\/wp\/v2\/comments?post=215910"}],"version-history":[{"count":1,"href":"https:\/\/rna.ao\/rna.ao\/wp-json\/wp\/v2\/posts\/215910\/revisions"}],"predecessor-version":[{"id":215913,"href":"https:\/\/rna.ao\/rna.ao\/wp-json\/wp\/v2\/posts\/215910\/revisions\/215913"}],"wp:featuredmedia":[{"embeddable":true,"href":"https:\/\/rna.ao\/rna.ao\/wp-json\/wp\/v2\/media\/11522"}],"wp:attachment":[{"href":"https:\/\/rna.ao\/rna.ao\/wp-json\/wp\/v2\/media?parent=215910"}],"wp:term":[{"taxonomy":"category","embeddable":true,"href":"https:\/\/rna.ao\/rna.ao\/wp-json\/wp\/v2\/categories?post=215910"},{"taxonomy":"post_tag","embeddable":true,"href":"https:\/\/rna.ao\/rna.ao\/wp-json\/wp\/v2\/tags?post=215910"}],"curies":[{"name":"wp","href":"https:\/\/api.w.org\/{rel}","templated":true}]}}