{"id":215903,"date":"2026-04-27T07:44:52","date_gmt":"2026-04-27T06:44:52","guid":{"rendered":"https:\/\/rna.ao\/rna.ao\/?p=215903"},"modified":"2026-04-27T07:44:52","modified_gmt":"2026-04-27T06:44:52","slug":"ministra-da-saude-representa-angola-na-cupula-mundial-da-saude-em-nairobi","status":"publish","type":"post","link":"https:\/\/rna.ao\/rna.ao\/2026\/04\/27\/ministra-da-saude-representa-angola-na-cupula-mundial-da-saude-em-nairobi\/","title":{"rendered":"Ministra da Sa\u00fade representa Angola na C\u00fapula Mundial da Sa\u00fade em Nair\u00f3bi"},"content":{"rendered":"<p><img loading=\"lazy\" class=\"alignnone size-medium wp-image-215907\" src=\"https:\/\/rna.ao\/rna.ao\/wp-content\/uploads\/2026\/04\/79b22b1b-69b4-4152-b5f1-250dc72276a5-746x770.jpeg\" alt=\"\" width=\"746\" height=\"770\" srcset=\"https:\/\/rna.ao\/rna.ao\/wp-content\/uploads\/2026\/04\/79b22b1b-69b4-4152-b5f1-250dc72276a5-746x770.jpeg 746w, https:\/\/rna.ao\/rna.ao\/wp-content\/uploads\/2026\/04\/79b22b1b-69b4-4152-b5f1-250dc72276a5-1133x1170.jpeg 1133w, https:\/\/rna.ao\/rna.ao\/wp-content\/uploads\/2026\/04\/79b22b1b-69b4-4152-b5f1-250dc72276a5-768x793.jpeg 768w, https:\/\/rna.ao\/rna.ao\/wp-content\/uploads\/2026\/04\/79b22b1b-69b4-4152-b5f1-250dc72276a5.jpeg 1234w\" sizes=\"(max-width: 746px) 100vw, 746px\" \/><\/p>\n<p>A Ministra da Sa\u00fade, Silvia Lutucuta \u00a0participa em Nair\u00f3bi, no Qu\u00e9nia, na Reuni\u00e3o Regional da C\u00fapula Mundial da Sa\u00fade 2026, que decorre de 27 a 29 de Abril, no Escrit\u00f3rio das Na\u00e7\u00f5es Unidas.<\/p>\n<p>A governante integra uma delega\u00e7\u00e3o do Minist\u00e9rio da Sa\u00fade, que inclui quadros seniores e representantes do Projecto de Forma\u00e7\u00e3o de Recursos Humanos para a Cobertura Universal de Sa\u00fade.<\/p>\n<p>Organizada pela Universidade Aga Khan, a c\u00fapula re\u00fane l\u00edderes pol\u00edticos, especialistas e institui\u00e7\u00f5es de mais de 50 pa\u00edses, sendo considerada uma das principais plataformas globais de di\u00e1logo em sa\u00fade.<\/p>\n<p>Sob o lema \u201cReimaginando os Sistemas de Sa\u00fade Africanos: Inova\u00e7\u00e3o, Integra\u00e7\u00e3o e Interdepend\u00eancia\u201d, o encontro vai abordar temas como seguran\u00e7a sanit\u00e1ria, sa\u00fade digital, financiamento e cobertura universal.<\/p>\n<p>Durante o evento, a ministra dever\u00e1 intervir em sess\u00f5es de alto n\u00edvel e manter encontros bilaterais com parceiros internacionais, com vista ao refor\u00e7o da coopera\u00e7\u00e3o t\u00e9cnica e mobiliza\u00e7\u00e3o de investimentos.<\/p>\n<p>A participa\u00e7\u00e3o de Angola visa destacar os avan\u00e7os na reforma do sistema de sa\u00fade e reafirmar o compromisso com sistemas mais resilientes, inclusivos e sustent\u00e1veis.<\/p>\n","protected":false},"excerpt":{"rendered":"<p>A Ministra da Sa\u00fade, Silvia Lutucuta \u00a0participa em Nair\u00f3bi, no Qu\u00e9nia, na Reuni\u00e3o Regional da C\u00fapula Mundial da Sa\u00fade 2026, que decorre de 27 a 29 de Abril, no Escrit\u00f3rio das Na\u00e7\u00f5es Unidas. A governante integra uma delega\u00e7\u00e3o do Minist\u00e9rio da Sa\u00fade, que inclui quadros seniores e representantes do Projecto ...<\/p>\n","protected":false},"author":9,"featured_media":215907,"comment_status":"closed","ping_status":"closed","sticky":false,"template":"","format":"standard","meta":[],"categories":[142,121,163,1],"tags":[],"_links":{"self":[{"href":"https:\/\/rna.ao\/rna.ao\/wp-json\/wp\/v2\/posts\/215903"}],"collection":[{"href":"https:\/\/rna.ao\/rna.ao\/wp-json\/wp\/v2\/posts"}],"about":[{"href":"https:\/\/rna.ao\/rna.ao\/wp-json\/wp\/v2\/types\/post"}],"author":[{"embeddable":true,"href":"https:\/\/rna.ao\/rna.ao\/wp-json\/wp\/v2\/users\/9"}],"replies":[{"embeddable":true,"href":"https:\/\/rna.ao\/rna.ao\/wp-json\/wp\/v2\/comments?post=215903"}],"version-history":[{"count":2,"href":"https:\/\/rna.ao\/rna.ao\/wp-json\/wp\/v2\/posts\/215903\/revisions"}],"predecessor-version":[{"id":215908,"href":"https:\/\/rna.ao\/rna.ao\/wp-json\/wp\/v2\/posts\/215903\/revisions\/215908"}],"wp:featuredmedia":[{"embeddable":true,"href":"https:\/\/rna.ao\/rna.ao\/wp-json\/wp\/v2\/media\/215907"}],"wp:attachment":[{"href":"https:\/\/rna.ao\/rna.ao\/wp-json\/wp\/v2\/media?parent=215903"}],"wp:term":[{"taxonomy":"category","embeddable":true,"href":"https:\/\/rna.ao\/rna.ao\/wp-json\/wp\/v2\/categories?post=215903"},{"taxonomy":"post_tag","embeddable":true,"href":"https:\/\/rna.ao\/rna.ao\/wp-json\/wp\/v2\/tags?post=215903"}],"curies":[{"name":"wp","href":"https:\/\/api.w.org\/{rel}","templated":true}]}}