{"id":215897,"date":"2026-04-27T06:42:13","date_gmt":"2026-04-27T05:42:13","guid":{"rendered":"https:\/\/rna.ao\/rna.ao\/?p=215897"},"modified":"2026-04-27T06:42:59","modified_gmt":"2026-04-27T05:42:59","slug":"inares-da-hoje-inicio-ao-processo-de-avaliacao-externa-dos-cursos-de-doutoramento-e-mestrado-nas-instituicoes-de-ensino-superior-do-pais","status":"publish","type":"post","link":"https:\/\/rna.ao\/rna.ao\/2026\/04\/27\/inares-da-hoje-inicio-ao-processo-de-avaliacao-externa-dos-cursos-de-doutoramento-e-mestrado-nas-instituicoes-de-ensino-superior-do-pais\/","title":{"rendered":"INARES d\u00e1 hoje in\u00edcio ao processo de avalia\u00e7\u00e3o externa dos cursos de doutoramento e mestrado nas institui\u00e7\u00f5es de ensino superior do pa\u00eds"},"content":{"rendered":"<div class=\"jsx-2a3b4af8f89fe3c1 group relative rounded-lg sm:rounded-xl shadow-sm border transition-all duration-300 cursor-pointer py-2 sm:py-1 px-2 sm:px-2 bg-white border-gray-100 hover:shadow-md hover:border-primary\/20 hover:bg-primary\/5\">\n<div class=\"jsx-2a3b4af8f89fe3c1 flex flex-col sm:flex-row sm:items-center gap-2 sm:gap-3\">\n<div class=\"jsx-2a3b4af8f89fe3c1 flex-1 min-w-0\">\n<p><img loading=\"lazy\" class=\"alignnone size-full wp-image-215899\" src=\"https:\/\/rna.ao\/rna.ao\/wp-content\/uploads\/2026\/04\/72b015c4773e6c8b7f0024c2951735b2.jpg\" alt=\"\" width=\"735\" height=\"490\" \/><\/p>\n<p class=\"jsx-2a3b4af8f89fe3c1 leading-relaxed text-sm transition-colors duration-200 text-left break-words text-gray-800 group-hover:text-gray-900\">Arranca hoje o processo de avalia\u00e7\u00e3o externa dos cursos de mestrado e doutoramento em todas as institui\u00e7\u00f5es de ensino superior do pa\u00eds.<\/p>\n<\/div>\n<\/div>\n<div class=\"jsx-2a3b4af8f89fe3c1 absolute left-0 top-0 bottom-0 w-1 rounded-l-xl transition-opacity duration-300 bg-primary opacity-0 group-hover:opacity-100\">\n<p>De acordo com o Diretor-Geral do Instituto Nacional de Avalia\u00e7\u00e3o, Acredita\u00e7\u00e3o e Reconhecimento de Estudos do Ensino Superior, INARES, Jesus Tom\u00e9, foram contratados 325 profissionais qualificados para procederem a avalia\u00e7\u00e3o de 137 cursos. Clique no \u00e1udio abaixo e ou\u00e7a:<\/p>\n\t<div class=\"qtmplayer-playlist-large\">\n\t\t<ul class=\"qtmplayer-playlist\">\n\t\t\t\n\t\t\t\t\t<li class=\"qtmplayer-trackitem\">\n\t\t<img src=\"https:\/\/rna.ao\/rna.ao\/wp-content\/uploads\/2026\/04\/72b015c4773e6c8b7f0024c2951735b2-100x100.jpg\" alt=\"cover\">\t\t<span \t\t\tdata-qtmplayer-cover=\"https:\/\/rna.ao\/rna.ao\/wp-content\/uploads\/2026\/04\/72b015c4773e6c8b7f0024c2951735b2-370x370.jpg\"\n\t\t\t\t\t\tdata-qtmplayer-file=\"https:\/\/rna.ao\/rna.ao\/wp-content\/uploads\/2026\/04\/JESUS-TOME.mp3\"\n\t\t\t\t\t\tdata-qtmplayer-title=\"INARES d\u00e1 hoje in\u00edcio ao processo de avalia\u00e7\u00e3o externa dos cursos de doutoramento e mestrado nas institui\u00e7\u00f5es de ensino superior do pa\u00eds\"\n\t\t\t\t\t\tdata-qtmplayer-artist=\"Patr\u00edcia Campos\"\n\t\t\t\t\t\tdata-qtmplayer-link=\"https:\/\/rna.ao\/rna.ao\/2026\/04\/27\/inares-da-hoje-inicio-ao-processo-de-avaliacao-externa-dos-cursos-de-doutoramento-e-mestrado-nas-instituicoes-de-ensino-superior-do-pais\/\"\n\t\t\t\t\t\tdata-qtmplayer-icon=\"file_download\"\n\t\t\t\t\t\tdata-qtmplayer-type=\"track\"\n\t\t\t class=\"qtmplayer-play qtmplayer-link-sec qtmplayer-play-btn\"><i class='material-icons'>play_arrow<\/i><\/span>\n\t\t<p>\n\t\t\t<span class=\"qtmplayer-tit\">INARES d\u00e1 hoje in\u00edcio ao processo de avalia\u00e7\u00e3o externa dos cursos de doutoramento e mestrado nas institui\u00e7\u00f5es de ensino superior do pa\u00eds<\/span>\n\t\t\t<span class=\"qtmplayer-art\">Patr\u00edcia Campos<\/span>\n\t\t<\/p>\n\t<\/li>\n\t\t<\/ul>\n\t<\/div>\t\t\t\n\t\n<\/div>\n<\/div>\n","protected":false},"excerpt":{"rendered":"<p>Arranca hoje o processo de avalia\u00e7\u00e3o externa dos cursos de mestrado e doutoramento em todas as institui\u00e7\u00f5es de ensino superior do pa\u00eds. De acordo com o Diretor-Geral do Instituto Nacional de Avalia\u00e7\u00e3o, Acredita\u00e7\u00e3o e Reconhecimento de Estudos do Ensino Superior, INARES, Jesus Tom\u00e9, foram contratados 325 profissionais qualificados para procederem ...<\/p>\n","protected":false},"author":21,"featured_media":215899,"comment_status":"closed","ping_status":"closed","sticky":false,"template":"","format":"standard","meta":[],"categories":[142,121,164,163],"tags":[],"_links":{"self":[{"href":"https:\/\/rna.ao\/rna.ao\/wp-json\/wp\/v2\/posts\/215897"}],"collection":[{"href":"https:\/\/rna.ao\/rna.ao\/wp-json\/wp\/v2\/posts"}],"about":[{"href":"https:\/\/rna.ao\/rna.ao\/wp-json\/wp\/v2\/types\/post"}],"author":[{"embeddable":true,"href":"https:\/\/rna.ao\/rna.ao\/wp-json\/wp\/v2\/users\/21"}],"replies":[{"embeddable":true,"href":"https:\/\/rna.ao\/rna.ao\/wp-json\/wp\/v2\/comments?post=215897"}],"version-history":[{"count":1,"href":"https:\/\/rna.ao\/rna.ao\/wp-json\/wp\/v2\/posts\/215897\/revisions"}],"predecessor-version":[{"id":215900,"href":"https:\/\/rna.ao\/rna.ao\/wp-json\/wp\/v2\/posts\/215897\/revisions\/215900"}],"wp:featuredmedia":[{"embeddable":true,"href":"https:\/\/rna.ao\/rna.ao\/wp-json\/wp\/v2\/media\/215899"}],"wp:attachment":[{"href":"https:\/\/rna.ao\/rna.ao\/wp-json\/wp\/v2\/media?parent=215897"}],"wp:term":[{"taxonomy":"category","embeddable":true,"href":"https:\/\/rna.ao\/rna.ao\/wp-json\/wp\/v2\/categories?post=215897"},{"taxonomy":"post_tag","embeddable":true,"href":"https:\/\/rna.ao\/rna.ao\/wp-json\/wp\/v2\/tags?post=215897"}],"curies":[{"name":"wp","href":"https:\/\/api.w.org\/{rel}","templated":true}]}}