{"id":215894,"date":"2026-04-26T22:45:39","date_gmt":"2026-04-26T21:45:39","guid":{"rendered":"https:\/\/rna.ao\/rna.ao\/?p=215894"},"modified":"2026-04-26T22:45:39","modified_gmt":"2026-04-26T21:45:39","slug":"ministro-da-defesa-do-mali-morre-em-ataque-rebelde","status":"publish","type":"post","link":"https:\/\/rna.ao\/rna.ao\/2026\/04\/26\/ministro-da-defesa-do-mali-morre-em-ataque-rebelde\/","title":{"rendered":"Ministro da Defesa do Mali morre em ataque rebelde"},"content":{"rendered":"<p data-t=\"{&quot;n&quot;:&quot;blueLinks&quot;,&quot;t&quot;:13,&quot;a&quot;:&quot;click&quot;,&quot;b&quot;:76}\"><img loading=\"lazy\" class=\"alignnone size-full wp-image-215895\" src=\"https:\/\/rna.ao\/rna.ao\/wp-content\/uploads\/2026\/04\/AA21LLL2.png\" alt=\"\" width=\"768\" height=\"432\" \/><\/p>\n<p data-t=\"{&quot;n&quot;:&quot;blueLinks&quot;,&quot;t&quot;:13,&quot;a&quot;:&quot;click&quot;,&quot;b&quot;:76}\">O governo do Mali confirmou a morte do Ministro Maliano da Defesa, Sadio Camara, durante uma s\u00e9rie de ataques contra instala\u00e7\u00f5es militares em diferentes regi\u00f5es do pa\u00eds.<\/p>\n<p data-t=\"{&quot;n&quot;:&quot;blueLinks&quot;,&quot;t&quot;:13,&quot;a&quot;:&quot;click&quot;,&quot;b&quot;:76}\">\u00a0A resid\u00eancia do Ministro, na cidade militar de Kati, foi alvo de um ataque simult\u00e2neo com um carro bomba. Uma das companheiras de C\u00e2mara, dois netos e outros civis que estavam na resid\u00eancia tamb\u00e9m foram mortos.<\/p>\n<p data-t=\"{&quot;n&quot;:&quot;blueLinks&quot;,&quot;t&quot;:13,&quot;a&quot;:&quot;click&quot;,&quot;b&quot;:76}\">O ataque foi assumido pelo grupo ligado \u00e0 Al-Qaeda, Jama\u2019at Nusrat al-Islam wal-Muslimin (JNIM), juntamente com os combatentes tuaregues da Frente de Liberta\u00e7\u00e3o de Azawad (FLA).<\/p>\n<p class=\"continue-read-break\" data-t=\"{&quot;n&quot;:&quot;blueLinks&quot;,&quot;t&quot;:13,&quot;a&quot;:&quot;click&quot;,&quot;b&quot;:76}\">Camara era apontado como uma figura central do actual governo interino, comandando por uma junta militar liderada pelo Presidente Assimi Goita, que governa o Mali desde 2020.<\/p>\n<div class=\"continue-reading-slot\">\n<div id=\"continuousReadingContainer\" class=\"article-cont-read-container\">\n<div class=\"article-cont-read-button-container\" data-t=\"{&quot;n&quot;:&quot;readMore&quot;}\"><\/div>\n<\/div>\n<\/div>\n<div class=\"article-image-slot image-slot-placeholder\" data-doc-id=\"cms\/api\/amp\/image\/AA21LLL2\">\n<div class=\"article-image-slot\">\n<div class=\"article-image-container polished\" data-t=\"{&quot;n&quot;:&quot;OpenModal&quot;,&quot;t&quot;:13,&quot;b&quot;:8,&quot;c.i&quot;:&quot;AA21MkwO&quot;,&quot;c.l&quot;:false,&quot;c.t&quot;:13,&quot;c.v&quot;:&quot;news&quot;,&quot;c.c&quot;:&quot;newsworld&quot;,&quot;c.b&quot;:&quot;Opera Mundi&quot;,&quot;c.bi&quot;:&quot;AA1PVxAB&quot;,&quot;c.tv&quot;:&quot;news&quot;,&quot;c.tc&quot;:&quot;general&quot;,&quot;c.hl&quot;:&quot;Ministro da Defesa do Mali \u00e9 morto em ataques coordenados&quot;}\" data-test-id=\"AA21LLL2\"><\/div>\n<\/div>\n<\/div>\n","protected":false},"excerpt":{"rendered":"<p>O governo do Mali confirmou a morte do Ministro Maliano da Defesa, Sadio Camara, durante uma s\u00e9rie de ataques contra instala\u00e7\u00f5es militares em diferentes regi\u00f5es do pa\u00eds. \u00a0A resid\u00eancia do Ministro, na cidade militar de Kati, foi alvo de um ataque simult\u00e2neo com um carro bomba. Uma das companheiras de ...<\/p>\n","protected":false},"author":21,"featured_media":215895,"comment_status":"closed","ping_status":"closed","sticky":false,"template":"","format":"standard","meta":[],"categories":[142,121,164,163],"tags":[],"_links":{"self":[{"href":"https:\/\/rna.ao\/rna.ao\/wp-json\/wp\/v2\/posts\/215894"}],"collection":[{"href":"https:\/\/rna.ao\/rna.ao\/wp-json\/wp\/v2\/posts"}],"about":[{"href":"https:\/\/rna.ao\/rna.ao\/wp-json\/wp\/v2\/types\/post"}],"author":[{"embeddable":true,"href":"https:\/\/rna.ao\/rna.ao\/wp-json\/wp\/v2\/users\/21"}],"replies":[{"embeddable":true,"href":"https:\/\/rna.ao\/rna.ao\/wp-json\/wp\/v2\/comments?post=215894"}],"version-history":[{"count":1,"href":"https:\/\/rna.ao\/rna.ao\/wp-json\/wp\/v2\/posts\/215894\/revisions"}],"predecessor-version":[{"id":215896,"href":"https:\/\/rna.ao\/rna.ao\/wp-json\/wp\/v2\/posts\/215894\/revisions\/215896"}],"wp:featuredmedia":[{"embeddable":true,"href":"https:\/\/rna.ao\/rna.ao\/wp-json\/wp\/v2\/media\/215895"}],"wp:attachment":[{"href":"https:\/\/rna.ao\/rna.ao\/wp-json\/wp\/v2\/media?parent=215894"}],"wp:term":[{"taxonomy":"category","embeddable":true,"href":"https:\/\/rna.ao\/rna.ao\/wp-json\/wp\/v2\/categories?post=215894"},{"taxonomy":"post_tag","embeddable":true,"href":"https:\/\/rna.ao\/rna.ao\/wp-json\/wp\/v2\/tags?post=215894"}],"curies":[{"name":"wp","href":"https:\/\/api.w.org\/{rel}","templated":true}]}}