{"id":215883,"date":"2026-04-26T22:01:18","date_gmt":"2026-04-26T21:01:18","guid":{"rendered":"https:\/\/rna.ao\/rna.ao\/?p=215883"},"modified":"2026-04-26T22:01:18","modified_gmt":"2026-04-26T21:01:18","slug":"em-tres-meses-centro-ortopedico-do-cubango-atendeu-mais-de-dois-mil-casos-de-avc","status":"publish","type":"post","link":"https:\/\/rna.ao\/rna.ao\/2026\/04\/26\/em-tres-meses-centro-ortopedico-do-cubango-atendeu-mais-de-dois-mil-casos-de-avc\/","title":{"rendered":"Em tr\u00eas meses Centro Ortop\u00e9dico do Cubango atendeu mais de dois mil casos de AVC"},"content":{"rendered":"<div class=\"jsx-2a3b4af8f89fe3c1 group relative rounded-lg sm:rounded-xl shadow-sm border transition-all duration-300 cursor-pointer py-2 sm:py-1 px-2 sm:px-2 bg-white border-gray-100 hover:shadow-md hover:border-primary\/20 hover:bg-primary\/5\">\n<div class=\"jsx-2a3b4af8f89fe3c1 flex flex-col sm:flex-row sm:items-center gap-2 sm:gap-3\">\n<div class=\"jsx-2a3b4af8f89fe3c1 flex-1 min-w-0\">\n<p><img loading=\"lazy\" class=\"alignnone size-medium wp-image-215885\" src=\"https:\/\/rna.ao\/rna.ao\/wp-content\/uploads\/2026\/04\/WhatsApp-Image-2026-04-26-at-21.57.11-770x604.jpeg\" alt=\"\" width=\"770\" height=\"604\" srcset=\"https:\/\/rna.ao\/rna.ao\/wp-content\/uploads\/2026\/04\/WhatsApp-Image-2026-04-26-at-21.57.11-770x604.jpeg 770w, https:\/\/rna.ao\/rna.ao\/wp-content\/uploads\/2026\/04\/WhatsApp-Image-2026-04-26-at-21.57.11-768x603.jpeg 768w, https:\/\/rna.ao\/rna.ao\/wp-content\/uploads\/2026\/04\/WhatsApp-Image-2026-04-26-at-21.57.11.jpeg 929w\" sizes=\"(max-width: 770px) 100vw, 770px\" \/><\/p>\n<p class=\"jsx-2a3b4af8f89fe3c1 leading-relaxed text-sm transition-colors duration-200 text-left break-words text-gray-800 group-hover:text-gray-900\">Mais de dois mil pacientes com acidentes vasculares celebrais, AVC, foram atendidos no Centro Ortop\u00e9dico do Cubango nos primeiros tr\u00eas meses deste ano.<\/p>\n<\/div>\n<\/div>\n<div class=\"jsx-2a3b4af8f89fe3c1 absolute left-0 top-0 bottom-0 w-1 rounded-l-xl transition-opacity duration-300 bg-primary opacity-0 group-hover:opacity-100\">Os dados preocupam as autoridades sanit\u00e1rias. Al\u00e9m de adultos e idosos, o centro tem registado casos de AVC em adolescentes e jovens. A reportagem \u00e9 do jornalista Ismael Zeferino. Clique no \u00e1udio abaixo e ou\u00e7a:\t<div class=\"qtmplayer-playlist-large\">\n\t\t<ul class=\"qtmplayer-playlist\">\n\t\t\t\n\t\t\t\t\t<li class=\"qtmplayer-trackitem\">\n\t\t<img src=\"https:\/\/rna.ao\/rna.ao\/wp-content\/uploads\/2026\/04\/WhatsApp-Image-2026-04-26-at-21.57.11-100x100.jpeg\" alt=\"cover\">\t\t<span \t\t\tdata-qtmplayer-cover=\"https:\/\/rna.ao\/rna.ao\/wp-content\/uploads\/2026\/04\/WhatsApp-Image-2026-04-26-at-21.57.11-370x370.jpeg\"\n\t\t\t\t\t\tdata-qtmplayer-file=\"https:\/\/rna.ao\/rna.ao\/wp-content\/uploads\/2026\/04\/CUBANGO-ISMAEL-ZEFERINO.mp3\"\n\t\t\t\t\t\tdata-qtmplayer-title=\"Em tr\u00eas meses Centro Ortop\u00e9dico do Cubango atendeu mais de dois mil casos de AVC\"\n\t\t\t\t\t\tdata-qtmplayer-artist=\"Patr\u00edcia Campos\"\n\t\t\t\t\t\tdata-qtmplayer-link=\"https:\/\/rna.ao\/rna.ao\/2026\/04\/26\/em-tres-meses-centro-ortopedico-do-cubango-atendeu-mais-de-dois-mil-casos-de-avc\/\"\n\t\t\t\t\t\tdata-qtmplayer-icon=\"file_download\"\n\t\t\t\t\t\tdata-qtmplayer-type=\"track\"\n\t\t\t class=\"qtmplayer-play qtmplayer-link-sec qtmplayer-play-btn\"><i class='material-icons'>play_arrow<\/i><\/span>\n\t\t<p>\n\t\t\t<span class=\"qtmplayer-tit\">Em tr\u00eas meses Centro Ortop\u00e9dico do Cubango atendeu mais de dois mil casos de AVC<\/span>\n\t\t\t<span class=\"qtmplayer-art\">Patr\u00edcia Campos<\/span>\n\t\t<\/p>\n\t<\/li>\n\t\t<\/ul>\n\t<\/div>\t\t\t\n\t<\/p>\n<\/div>\n<\/div>\n","protected":false},"excerpt":{"rendered":"<p>Mais de dois mil pacientes com acidentes vasculares celebrais, AVC, foram atendidos no Centro Ortop\u00e9dico do Cubango nos primeiros tr\u00eas meses deste ano. Os dados preocupam as autoridades sanit\u00e1rias. Al\u00e9m de adultos e idosos, o centro tem registado casos de AVC em adolescentes e jovens. A reportagem \u00e9 do jornalista ...<\/p>\n","protected":false},"author":21,"featured_media":215885,"comment_status":"closed","ping_status":"closed","sticky":false,"template":"","format":"standard","meta":[],"categories":[142,121,164,163],"tags":[],"_links":{"self":[{"href":"https:\/\/rna.ao\/rna.ao\/wp-json\/wp\/v2\/posts\/215883"}],"collection":[{"href":"https:\/\/rna.ao\/rna.ao\/wp-json\/wp\/v2\/posts"}],"about":[{"href":"https:\/\/rna.ao\/rna.ao\/wp-json\/wp\/v2\/types\/post"}],"author":[{"embeddable":true,"href":"https:\/\/rna.ao\/rna.ao\/wp-json\/wp\/v2\/users\/21"}],"replies":[{"embeddable":true,"href":"https:\/\/rna.ao\/rna.ao\/wp-json\/wp\/v2\/comments?post=215883"}],"version-history":[{"count":1,"href":"https:\/\/rna.ao\/rna.ao\/wp-json\/wp\/v2\/posts\/215883\/revisions"}],"predecessor-version":[{"id":215886,"href":"https:\/\/rna.ao\/rna.ao\/wp-json\/wp\/v2\/posts\/215883\/revisions\/215886"}],"wp:featuredmedia":[{"embeddable":true,"href":"https:\/\/rna.ao\/rna.ao\/wp-json\/wp\/v2\/media\/215885"}],"wp:attachment":[{"href":"https:\/\/rna.ao\/rna.ao\/wp-json\/wp\/v2\/media?parent=215883"}],"wp:term":[{"taxonomy":"category","embeddable":true,"href":"https:\/\/rna.ao\/rna.ao\/wp-json\/wp\/v2\/categories?post=215883"},{"taxonomy":"post_tag","embeddable":true,"href":"https:\/\/rna.ao\/rna.ao\/wp-json\/wp\/v2\/tags?post=215883"}],"curies":[{"name":"wp","href":"https:\/\/api.w.org\/{rel}","templated":true}]}}