{"id":215862,"date":"2026-04-26T21:14:06","date_gmt":"2026-04-26T20:14:06","guid":{"rendered":"https:\/\/rna.ao\/rna.ao\/?p=215862"},"modified":"2026-04-26T22:28:07","modified_gmt":"2026-04-26T21:28:07","slug":"importancia-das-concessoes-florestais-na-gestao-sustentavel-dos-recursos-das-florestas-vai-estar-em-analise-amanha-em-luanda","status":"publish","type":"post","link":"https:\/\/rna.ao\/rna.ao\/2026\/04\/26\/importancia-das-concessoes-florestais-na-gestao-sustentavel-dos-recursos-das-florestas-vai-estar-em-analise-amanha-em-luanda\/","title":{"rendered":"Import\u00e2ncia das concess\u00f5es florestais vai ser analisada amanh\u00e3 em Luanda"},"content":{"rendered":"<div class=\"jsx-2a3b4af8f89fe3c1 group relative rounded-lg sm:rounded-xl shadow-sm border transition-all duration-300 cursor-pointer py-2 sm:py-1 px-2 sm:px-2 bg-white border-gray-100 hover:shadow-md hover:border-primary\/20 hover:bg-primary\/5\">\n<div class=\"jsx-2a3b4af8f89fe3c1 flex flex-col sm:flex-row sm:items-center gap-2 sm:gap-3\">\n<div class=\"jsx-2a3b4af8f89fe3c1 flex-1 min-w-0\">\n<p><img loading=\"lazy\" class=\"alignnone size-full wp-image-113146\" src=\"https:\/\/rna.ao\/rna.ao\/wp-content\/uploads\/2023\/08\/Abate-de-arvores.jpg\" alt=\"\" width=\"620\" height=\"355\" \/><\/p>\n<p class=\"jsx-2a3b4af8f89fe3c1 leading-relaxed text-sm transition-colors duration-200 text-left break-words text-gray-800 group-hover:text-gray-900\">O Minist\u00e9rio da Agricultura e Florestas promove amanh\u00e3 um semin\u00e1rio nacional sobre concess\u00f5es florestais e explora\u00e7\u00e3o de cr\u00e9ditos de carbono em Angola.<\/p>\n<\/div>\n<\/div>\n<\/div>\n<div class=\"jsx-2a3b4af8f89fe3c1 group relative rounded-lg sm:rounded-xl shadow-sm border transition-all duration-300 cursor-pointer py-2 sm:py-1 px-2 sm:px-2 bg-white border-gray-100 hover:shadow-md hover:border-primary\/20 hover:bg-primary\/5\">\n<div class=\"jsx-2a3b4af8f89fe3c1 flex flex-col sm:flex-row sm:items-center gap-2 sm:gap-3\">\n<div class=\"jsx-2a3b4af8f89fe3c1 flex items-center gap-2 sm:gap-3\">A decorrer no Hotel Conven\u00e7\u00f5es de Talatona, o semin\u00e1rio vai ser orientado pelo Ministro da Agricultura e Florestas, Isaac dos Anjos.<\/div>\n<\/div>\n<\/div>\n<div class=\"jsx-2a3b4af8f89fe3c1 group relative rounded-lg sm:rounded-xl shadow-sm border transition-all duration-300 cursor-pointer py-2 sm:py-1 px-2 sm:px-2 bg-white border-gray-100 hover:shadow-md hover:border-primary\/20 hover:bg-primary\/5\">\n<div class=\"jsx-2a3b4af8f89fe3c1 flex flex-col sm:flex-row sm:items-center gap-2 sm:gap-3\">\n<div class=\"jsx-2a3b4af8f89fe3c1 flex items-center gap-2 sm:gap-3\">\n<p>Segundo o porta-voz do evento, Domingos Veloso, o encontro visa dar a conhecer a import\u00e2ncia das concess\u00f5es florestais na gest\u00e3o sustent\u00e1vel dos recursos das florestas. Clique no \u00e1udio abaixo e ou\u00e7a:<\/p>\n\t<div class=\"qtmplayer-playlist-large\">\n\t\t<ul class=\"qtmplayer-playlist\">\n\t\t\t\n\t\t\t\t\t<li class=\"qtmplayer-trackitem\">\n\t\t<img src=\"https:\/\/rna.ao\/rna.ao\/wp-content\/uploads\/2023\/08\/Abate-de-arvores-100x100.jpg\" alt=\"cover\">\t\t<span \t\t\tdata-qtmplayer-cover=\"https:\/\/rna.ao\/rna.ao\/wp-content\/uploads\/2023\/08\/Abate-de-arvores.jpg\"\n\t\t\t\t\t\tdata-qtmplayer-file=\"https:\/\/rna.ao\/rna.ao\/wp-content\/uploads\/2026\/04\/DOMINGOS-VELOSO-1.mp3\"\n\t\t\t\t\t\tdata-qtmplayer-title=\"Import\u00e2ncia das concess\u00f5es florestais vai ser analisada amanh\u00e3 em Luanda\"\n\t\t\t\t\t\tdata-qtmplayer-artist=\"Patr\u00edcia Campos\"\n\t\t\t\t\t\tdata-qtmplayer-link=\"https:\/\/rna.ao\/rna.ao\/2026\/04\/26\/importancia-das-concessoes-florestais-na-gestao-sustentavel-dos-recursos-das-florestas-vai-estar-em-analise-amanha-em-luanda\/\"\n\t\t\t\t\t\tdata-qtmplayer-icon=\"file_download\"\n\t\t\t\t\t\tdata-qtmplayer-type=\"track\"\n\t\t\t class=\"qtmplayer-play qtmplayer-link-sec qtmplayer-play-btn\"><i class='material-icons'>play_arrow<\/i><\/span>\n\t\t<p>\n\t\t\t<span class=\"qtmplayer-tit\">Import\u00e2ncia das concess\u00f5es florestais vai ser analisada amanh\u00e3 em Luanda<\/span>\n\t\t\t<span class=\"qtmplayer-art\">Patr\u00edcia Campos<\/span>\n\t\t<\/p>\n\t<\/li>\n\t\t<\/ul>\n\t<\/div>\t\t\t\n\t\n<p>&nbsp;<\/p>\n<\/div>\n<div>\n<p>Domingos Veloso adianta que as concess\u00f5es florestais est\u00e3o abertas a todos os cidad\u00e3os nacionais e estrangeiros, desde que re\u00fanam as condi\u00e7\u00f5es exigidas. Clique no \u00e1udio abaixo e ou\u00e7a:<\/p>\n\t<div class=\"qtmplayer-playlist-large\">\n\t\t<ul class=\"qtmplayer-playlist\">\n\t\t\t\n\t\t\t\t\t<li class=\"qtmplayer-trackitem\">\n\t\t<img src=\"https:\/\/rna.ao\/rna.ao\/wp-content\/uploads\/2023\/08\/Abate-de-arvores-100x100.jpg\" alt=\"cover\">\t\t<span \t\t\tdata-qtmplayer-cover=\"https:\/\/rna.ao\/rna.ao\/wp-content\/uploads\/2023\/08\/Abate-de-arvores.jpg\"\n\t\t\t\t\t\tdata-qtmplayer-file=\"https:\/\/rna.ao\/rna.ao\/wp-content\/uploads\/2026\/04\/DOMIINGOS-VELOSO-2.mp3\"\n\t\t\t\t\t\tdata-qtmplayer-title=\"Import\u00e2ncia das concess\u00f5es florestais vai ser analisada amanh\u00e3 em Luanda\"\n\t\t\t\t\t\tdata-qtmplayer-artist=\"Patr\u00edcia Campos\"\n\t\t\t\t\t\tdata-qtmplayer-link=\"https:\/\/rna.ao\/rna.ao\/2026\/04\/26\/importancia-das-concessoes-florestais-na-gestao-sustentavel-dos-recursos-das-florestas-vai-estar-em-analise-amanha-em-luanda\/\"\n\t\t\t\t\t\tdata-qtmplayer-icon=\"file_download\"\n\t\t\t\t\t\tdata-qtmplayer-type=\"track\"\n\t\t\t class=\"qtmplayer-play qtmplayer-link-sec qtmplayer-play-btn\"><i class='material-icons'>play_arrow<\/i><\/span>\n\t\t<p>\n\t\t\t<span class=\"qtmplayer-tit\">Import\u00e2ncia das concess\u00f5es florestais vai ser analisada amanh\u00e3 em Luanda<\/span>\n\t\t\t<span class=\"qtmplayer-art\">Patr\u00edcia Campos<\/span>\n\t\t<\/p>\n\t<\/li>\n\t\t<\/ul>\n\t<\/div>\t\t\t\n\t\n<\/div>\n<\/div>\n<\/div>\n","protected":false},"excerpt":{"rendered":"<p>O Minist\u00e9rio da Agricultura e Florestas promove amanh\u00e3 um semin\u00e1rio nacional sobre concess\u00f5es florestais e explora\u00e7\u00e3o de cr\u00e9ditos de carbono em Angola. A decorrer no Hotel Conven\u00e7\u00f5es de Talatona, o semin\u00e1rio vai ser orientado pelo Ministro da Agricultura e Florestas, Isaac dos Anjos. Segundo o porta-voz do evento, Domingos Veloso, ...<\/p>\n","protected":false},"author":21,"featured_media":113146,"comment_status":"closed","ping_status":"closed","sticky":false,"template":"","format":"standard","meta":[],"categories":[142,121,164,163,1],"tags":[],"_links":{"self":[{"href":"https:\/\/rna.ao\/rna.ao\/wp-json\/wp\/v2\/posts\/215862"}],"collection":[{"href":"https:\/\/rna.ao\/rna.ao\/wp-json\/wp\/v2\/posts"}],"about":[{"href":"https:\/\/rna.ao\/rna.ao\/wp-json\/wp\/v2\/types\/post"}],"author":[{"embeddable":true,"href":"https:\/\/rna.ao\/rna.ao\/wp-json\/wp\/v2\/users\/21"}],"replies":[{"embeddable":true,"href":"https:\/\/rna.ao\/rna.ao\/wp-json\/wp\/v2\/comments?post=215862"}],"version-history":[{"count":6,"href":"https:\/\/rna.ao\/rna.ao\/wp-json\/wp\/v2\/posts\/215862\/revisions"}],"predecessor-version":[{"id":215893,"href":"https:\/\/rna.ao\/rna.ao\/wp-json\/wp\/v2\/posts\/215862\/revisions\/215893"}],"wp:featuredmedia":[{"embeddable":true,"href":"https:\/\/rna.ao\/rna.ao\/wp-json\/wp\/v2\/media\/113146"}],"wp:attachment":[{"href":"https:\/\/rna.ao\/rna.ao\/wp-json\/wp\/v2\/media?parent=215862"}],"wp:term":[{"taxonomy":"category","embeddable":true,"href":"https:\/\/rna.ao\/rna.ao\/wp-json\/wp\/v2\/categories?post=215862"},{"taxonomy":"post_tag","embeddable":true,"href":"https:\/\/rna.ao\/rna.ao\/wp-json\/wp\/v2\/tags?post=215862"}],"curies":[{"name":"wp","href":"https:\/\/api.w.org\/{rel}","templated":true}]}}