{"id":215857,"date":"2026-04-26T14:25:42","date_gmt":"2026-04-26T13:25:42","guid":{"rendered":"https:\/\/rna.ao\/rna.ao\/?p=215857"},"modified":"2026-04-26T14:28:19","modified_gmt":"2026-04-26T13:28:19","slug":"comboios-de-passageiros-do-cfl-retomam-amanha-a-circulacao-no-aeroporto-internacional-doutor-antonio-agostinho-neto-apos-dez-meses-de-paralisacao","status":"publish","type":"post","link":"https:\/\/rna.ao\/rna.ao\/2026\/04\/26\/comboios-de-passageiros-do-cfl-retomam-amanha-a-circulacao-no-aeroporto-internacional-doutor-antonio-agostinho-neto-apos-dez-meses-de-paralisacao\/","title":{"rendered":"Comboio de passageiros do CFL retoma amanh\u00e3 a circula\u00e7\u00e3o no Aeroporto Internacional Doutor Ant\u00f3nio Agostinho Neto, ap\u00f3s dez meses de paralisa\u00e7\u00e3o"},"content":{"rendered":"<div class=\"jsx-2a3b4af8f89fe3c1 group relative rounded-lg sm:rounded-xl shadow-sm border transition-all duration-300 cursor-pointer py-2 sm:py-1 px-2 sm:px-2 bg-white border-gray-100 hover:shadow-md hover:border-primary\/20 hover:bg-primary\/5\">\n<div class=\"jsx-2a3b4af8f89fe3c1 flex flex-col sm:flex-row sm:items-center gap-2 sm:gap-3\">\n<div class=\"jsx-2a3b4af8f89fe3c1 flex-1 min-w-0\">\n<p><img loading=\"lazy\" class=\"alignnone size-full wp-image-215711\" src=\"https:\/\/rna.ao\/rna.ao\/wp-content\/uploads\/2026\/04\/IMG_8435.jpeg\" alt=\"\" width=\"588\" height=\"306\" \/><\/p>\n<p class=\"jsx-2a3b4af8f89fe3c1 leading-relaxed text-sm transition-colors duration-200 text-left break-words text-gray-800 group-hover:text-gray-900\">Ap\u00f3s dez meses de paralisa\u00e7\u00e3o, o caminho de Ferro de Luanda retoma amanh\u00e3, a circula\u00e7\u00e3o dos comboios para o transporte de passageiros no Aeroporto Internacional doutor Ant\u00f3nio Agostinho Neto.\u00a0 Outros dados com o Polaco Pedro. Clique no \u00e1udio abaixo e ou\u00e7a:<\/p>\n\t<div class=\"qtmplayer-playlist-large\">\n\t\t<ul class=\"qtmplayer-playlist\">\n\t\t\t\n\t\t\t\t\t<li class=\"qtmplayer-trackitem\">\n\t\t<img src=\"https:\/\/rna.ao\/rna.ao\/wp-content\/uploads\/2026\/04\/IMG_8435-100x100.jpeg\" alt=\"cover\">\t\t<span \t\t\tdata-qtmplayer-cover=\"https:\/\/rna.ao\/rna.ao\/wp-content\/uploads\/2026\/04\/IMG_8435.jpeg\"\n\t\t\t\t\t\tdata-qtmplayer-file=\"https:\/\/rna.ao\/rna.ao\/wp-content\/uploads\/2026\/04\/POLACO-PEDRO.mp3\"\n\t\t\t\t\t\tdata-qtmplayer-title=\"Comboio de passageiros do CFL retoma amanh\u00e3 a circula\u00e7\u00e3o no Aeroporto Internacional Doutor Ant\u00f3nio Agostinho Neto, ap\u00f3s dez meses de paralisa\u00e7\u00e3o\"\n\t\t\t\t\t\tdata-qtmplayer-artist=\"Patr\u00edcia Campos\"\n\t\t\t\t\t\tdata-qtmplayer-link=\"https:\/\/rna.ao\/rna.ao\/2026\/04\/26\/comboios-de-passageiros-do-cfl-retomam-amanha-a-circulacao-no-aeroporto-internacional-doutor-antonio-agostinho-neto-apos-dez-meses-de-paralisacao\/\"\n\t\t\t\t\t\tdata-qtmplayer-icon=\"file_download\"\n\t\t\t\t\t\tdata-qtmplayer-type=\"track\"\n\t\t\t class=\"qtmplayer-play qtmplayer-link-sec qtmplayer-play-btn\"><i class='material-icons'>play_arrow<\/i><\/span>\n\t\t<p>\n\t\t\t<span class=\"qtmplayer-tit\">Comboio de passageiros do CFL retoma amanh\u00e3 a circula\u00e7\u00e3o no Aeroporto Internacional Doutor Ant\u00f3nio Agostinho Neto, ap\u00f3s dez meses de paralisa\u00e7\u00e3o<\/span>\n\t\t\t<span class=\"qtmplayer-art\">Patr\u00edcia Campos<\/span>\n\t\t<\/p>\n\t<\/li>\n\t\t<\/ul>\n\t<\/div>\t\t\t\n\t\n<\/div>\n<\/div>\n<\/div>\n","protected":false},"excerpt":{"rendered":"<p>Ap\u00f3s dez meses de paralisa\u00e7\u00e3o, o caminho de Ferro de Luanda retoma amanh\u00e3, a circula\u00e7\u00e3o dos comboios para o transporte de passageiros no Aeroporto Internacional doutor Ant\u00f3nio Agostinho Neto.\u00a0 Outros dados com o Polaco Pedro. Clique no \u00e1udio abaixo e ou\u00e7a:<\/p>\n","protected":false},"author":21,"featured_media":215711,"comment_status":"closed","ping_status":"closed","sticky":false,"template":"","format":"standard","meta":[],"categories":[142,121,164,163],"tags":[],"_links":{"self":[{"href":"https:\/\/rna.ao\/rna.ao\/wp-json\/wp\/v2\/posts\/215857"}],"collection":[{"href":"https:\/\/rna.ao\/rna.ao\/wp-json\/wp\/v2\/posts"}],"about":[{"href":"https:\/\/rna.ao\/rna.ao\/wp-json\/wp\/v2\/types\/post"}],"author":[{"embeddable":true,"href":"https:\/\/rna.ao\/rna.ao\/wp-json\/wp\/v2\/users\/21"}],"replies":[{"embeddable":true,"href":"https:\/\/rna.ao\/rna.ao\/wp-json\/wp\/v2\/comments?post=215857"}],"version-history":[{"count":2,"href":"https:\/\/rna.ao\/rna.ao\/wp-json\/wp\/v2\/posts\/215857\/revisions"}],"predecessor-version":[{"id":215860,"href":"https:\/\/rna.ao\/rna.ao\/wp-json\/wp\/v2\/posts\/215857\/revisions\/215860"}],"wp:featuredmedia":[{"embeddable":true,"href":"https:\/\/rna.ao\/rna.ao\/wp-json\/wp\/v2\/media\/215711"}],"wp:attachment":[{"href":"https:\/\/rna.ao\/rna.ao\/wp-json\/wp\/v2\/media?parent=215857"}],"wp:term":[{"taxonomy":"category","embeddable":true,"href":"https:\/\/rna.ao\/rna.ao\/wp-json\/wp\/v2\/categories?post=215857"},{"taxonomy":"post_tag","embeddable":true,"href":"https:\/\/rna.ao\/rna.ao\/wp-json\/wp\/v2\/tags?post=215857"}],"curies":[{"name":"wp","href":"https:\/\/api.w.org\/{rel}","templated":true}]}}