{"id":215854,"date":"2026-04-26T14:13:24","date_gmt":"2026-04-26T13:13:24","guid":{"rendered":"https:\/\/rna.ao\/rna.ao\/?p=215854"},"modified":"2026-04-26T14:31:53","modified_gmt":"2026-04-26T13:31:53","slug":"presidente-donald-trump-diz-que-atentado-que-sofreu-em-washigton-nao-o-fara-desistir-da-guerra-contra-o-ira","status":"publish","type":"post","link":"https:\/\/rna.ao\/rna.ao\/2026\/04\/26\/presidente-donald-trump-diz-que-atentado-que-sofreu-em-washigton-nao-o-fara-desistir-da-guerra-contra-o-ira\/","title":{"rendered":"Presidente Donald Trump diz que atentado que sofreu em Washigton n\u00e3o o far\u00e1 desistir da guerra contra o Ir\u00e3o"},"content":{"rendered":"<div class=\"jsx-2a3b4af8f89fe3c1 group relative rounded-lg sm:rounded-xl shadow-sm border transition-all duration-300 cursor-pointer py-2 sm:py-1 px-2 sm:px-2 bg-white border-gray-100 hover:shadow-md hover:border-primary\/20 hover:bg-primary\/5\">\n<div class=\"jsx-2a3b4af8f89fe3c1 flex flex-col sm:flex-row sm:items-center gap-2 sm:gap-3\">\n<div class=\"jsx-2a3b4af8f89fe3c1 flex-1 min-w-0\"><\/div>\n<\/div>\n<\/div>\n<div class=\"jsx-2a3b4af8f89fe3c1 group relative rounded-lg sm:rounded-xl shadow-sm border transition-all duration-300 cursor-pointer py-2 sm:py-1 px-2 sm:px-2 bg-white border-gray-100 hover:shadow-md hover:border-primary\/20 hover:bg-primary\/5\">\n<div class=\"jsx-2a3b4af8f89fe3c1 flex flex-col sm:flex-row sm:items-center gap-2 sm:gap-3\">\n<div class=\"jsx-2a3b4af8f89fe3c1 flex items-center gap-2 sm:gap-3\"><img loading=\"lazy\" class=\"alignnone size-medium wp-image-213737\" src=\"https:\/\/rna.ao\/rna.ao\/wp-content\/uploads\/2026\/04\/Donald-Trump-770x578.jpg\" alt=\"\" width=\"770\" height=\"578\" srcset=\"https:\/\/rna.ao\/rna.ao\/wp-content\/uploads\/2026\/04\/Donald-Trump-770x578.jpg 770w, https:\/\/rna.ao\/rna.ao\/wp-content\/uploads\/2026\/04\/Donald-Trump-1170x878.jpg 1170w, https:\/\/rna.ao\/rna.ao\/wp-content\/uploads\/2026\/04\/Donald-Trump-768x576.jpg 768w, https:\/\/rna.ao\/rna.ao\/wp-content\/uploads\/2026\/04\/Donald-Trump-1536x1152.jpg 1536w, https:\/\/rna.ao\/rna.ao\/wp-content\/uploads\/2026\/04\/Donald-Trump.jpg 1600w\" sizes=\"(max-width: 770px) 100vw, 770px\" \/><\/div>\n<div class=\"jsx-2a3b4af8f89fe3c1 flex-1 min-w-0\">\n<p class=\"jsx-2a3b4af8f89fe3c1 leading-relaxed text-sm transition-colors duration-200 text-left break-words text-gray-800 group-hover:text-gray-900\">O presidente norte-americano Donald Trump assegurou no s\u00e1bado \u00e0 noite que o atentado que sofreu\u00a0 \u00a0em Washington n\u00e3o o far\u00e1 desistir da guerra contra o Ir\u00e3.<\/p>\n<\/div>\n<\/div>\n<\/div>\n<div class=\"jsx-2a3b4af8f89fe3c1 group relative rounded-lg sm:rounded-xl shadow-sm border transition-all duration-300 cursor-pointer py-2 sm:py-1 px-2 sm:px-2 bg-white border-gray-100 hover:shadow-md hover:border-primary\/20 hover:bg-primary\/5\">\n<div class=\"jsx-2a3b4af8f89fe3c1 flex flex-col sm:flex-row sm:items-center gap-2 sm:gap-3\">\n<div class=\"jsx-2a3b4af8f89fe3c1 flex items-center gap-2 sm:gap-3\">\n<p>Trump foi retirado da sala onde decorria o jantar com os jornalistas correspondentes da Casa Branca ap\u00f3s terem sido ouvidos tiros e os servi\u00e7os de seguran\u00e7a terem detido um homem armado. Jornalista H\u00e9lder Silva. Clique no \u00e1udio abaixo e ou\u00e7o:<\/p>\n\t<div class=\"qtmplayer-playlist-large\">\n\t\t<ul class=\"qtmplayer-playlist\">\n\t\t\t\n\t\t\t\t\t<li class=\"qtmplayer-trackitem\">\n\t\t<img src=\"https:\/\/rna.ao\/rna.ao\/wp-content\/uploads\/2026\/04\/Donald-Trump-100x100.jpg\" alt=\"cover\">\t\t<span \t\t\tdata-qtmplayer-cover=\"https:\/\/rna.ao\/rna.ao\/wp-content\/uploads\/2026\/04\/Donald-Trump-370x370.jpg\"\n\t\t\t\t\t\tdata-qtmplayer-file=\"https:\/\/rna.ao\/rna.ao\/wp-content\/uploads\/2026\/04\/HELDER-SILVA.mp3\"\n\t\t\t\t\t\tdata-qtmplayer-title=\"Presidente Donald Trump diz que atentado que sofreu em Washigton n\u00e3o o far\u00e1 desistir da guerra contra o Ir\u00e3o\"\n\t\t\t\t\t\tdata-qtmplayer-artist=\"Patr\u00edcia Campos\"\n\t\t\t\t\t\tdata-qtmplayer-link=\"https:\/\/rna.ao\/rna.ao\/2026\/04\/26\/presidente-donald-trump-diz-que-atentado-que-sofreu-em-washigton-nao-o-fara-desistir-da-guerra-contra-o-ira\/\"\n\t\t\t\t\t\tdata-qtmplayer-icon=\"file_download\"\n\t\t\t\t\t\tdata-qtmplayer-type=\"track\"\n\t\t\t class=\"qtmplayer-play qtmplayer-link-sec qtmplayer-play-btn\"><i class='material-icons'>play_arrow<\/i><\/span>\n\t\t<p>\n\t\t\t<span class=\"qtmplayer-tit\">Presidente Donald Trump diz que atentado que sofreu em Washigton n\u00e3o o far\u00e1 desistir da guerra contra o Ir\u00e3o<\/span>\n\t\t\t<span class=\"qtmplayer-art\">Patr\u00edcia Campos<\/span>\n\t\t<\/p>\n\t<\/li>\n\t\t<\/ul>\n\t<\/div>\t\t\t\n\t\n<\/div>\n<\/div>\n<\/div>\n","protected":false},"excerpt":{"rendered":"<p>O presidente norte-americano Donald Trump assegurou no s\u00e1bado \u00e0 noite que o atentado que sofreu\u00a0 \u00a0em Washington n\u00e3o o far\u00e1 desistir da guerra contra o Ir\u00e3. Trump foi retirado da sala onde decorria o jantar com os jornalistas correspondentes da Casa Branca ap\u00f3s terem sido ouvidos tiros e os servi\u00e7os ...<\/p>\n","protected":false},"author":21,"featured_media":213737,"comment_status":"closed","ping_status":"closed","sticky":false,"template":"","format":"standard","meta":[],"categories":[142,121,164,163],"tags":[],"_links":{"self":[{"href":"https:\/\/rna.ao\/rna.ao\/wp-json\/wp\/v2\/posts\/215854"}],"collection":[{"href":"https:\/\/rna.ao\/rna.ao\/wp-json\/wp\/v2\/posts"}],"about":[{"href":"https:\/\/rna.ao\/rna.ao\/wp-json\/wp\/v2\/types\/post"}],"author":[{"embeddable":true,"href":"https:\/\/rna.ao\/rna.ao\/wp-json\/wp\/v2\/users\/21"}],"replies":[{"embeddable":true,"href":"https:\/\/rna.ao\/rna.ao\/wp-json\/wp\/v2\/comments?post=215854"}],"version-history":[{"count":2,"href":"https:\/\/rna.ao\/rna.ao\/wp-json\/wp\/v2\/posts\/215854\/revisions"}],"predecessor-version":[{"id":215861,"href":"https:\/\/rna.ao\/rna.ao\/wp-json\/wp\/v2\/posts\/215854\/revisions\/215861"}],"wp:featuredmedia":[{"embeddable":true,"href":"https:\/\/rna.ao\/rna.ao\/wp-json\/wp\/v2\/media\/213737"}],"wp:attachment":[{"href":"https:\/\/rna.ao\/rna.ao\/wp-json\/wp\/v2\/media?parent=215854"}],"wp:term":[{"taxonomy":"category","embeddable":true,"href":"https:\/\/rna.ao\/rna.ao\/wp-json\/wp\/v2\/categories?post=215854"},{"taxonomy":"post_tag","embeddable":true,"href":"https:\/\/rna.ao\/rna.ao\/wp-json\/wp\/v2\/tags?post=215854"}],"curies":[{"name":"wp","href":"https:\/\/api.w.org\/{rel}","templated":true}]}}