{"id":215849,"date":"2026-04-26T13:51:18","date_gmt":"2026-04-26T12:51:18","guid":{"rendered":"https:\/\/rna.ao\/rna.ao\/?p=215849"},"modified":"2026-04-26T13:51:18","modified_gmt":"2026-04-26T12:51:18","slug":"cunene-populacao-do-umbe-esta-privada-do-abastecimento-de-agua-potavel-ha-dois-meses","status":"publish","type":"post","link":"https:\/\/rna.ao\/rna.ao\/2026\/04\/26\/cunene-populacao-do-umbe-esta-privada-do-abastecimento-de-agua-potavel-ha-dois-meses\/","title":{"rendered":"Cunene: Popula\u00e7\u00e3o do Umbe est\u00e1 privada do abastecimento de \u00e1gua pot\u00e1vel h\u00e1 dois meses"},"content":{"rendered":"<div class=\"jsx-2a3b4af8f89fe3c1 group relative rounded-lg sm:rounded-xl shadow-sm border transition-all duration-300 cursor-pointer py-2 sm:py-1 px-2 sm:px-2 bg-white border-gray-100 hover:shadow-md hover:border-primary\/20 hover:bg-primary\/5\">\n<div class=\"jsx-2a3b4af8f89fe3c1 flex flex-col sm:flex-row sm:items-center gap-2 sm:gap-3\">\n<div class=\"jsx-2a3b4af8f89fe3c1 flex-1 min-w-0\">\n<p><img loading=\"lazy\" class=\"alignnone size-medium wp-image-95313\" src=\"https:\/\/rna.ao\/rna.ao\/wp-content\/uploads\/2023\/03\/Flata-de-agua-potavel-770x434.jpg\" alt=\"\" width=\"770\" height=\"434\" srcset=\"https:\/\/rna.ao\/rna.ao\/wp-content\/uploads\/2023\/03\/Flata-de-agua-potavel-770x434.jpg 770w, https:\/\/rna.ao\/rna.ao\/wp-content\/uploads\/2023\/03\/Flata-de-agua-potavel-768x433.jpg 768w, https:\/\/rna.ao\/rna.ao\/wp-content\/uploads\/2023\/03\/Flata-de-agua-potavel.jpg 780w\" sizes=\"(max-width: 770px) 100vw, 770px\" \/><\/p>\n<p class=\"jsx-2a3b4af8f89fe3c1 leading-relaxed text-sm transition-colors duration-200 text-left break-words text-gray-800 group-hover:text-gray-900\">Mais de 35 mil habitantes do munic\u00edpio do Umbe, no Cunene, est\u00e3o privados de \u00e1gua pot\u00e1vel h\u00e1 dois meses.<\/p>\n<p class=\"jsx-2a3b4af8f89fe3c1 leading-relaxed text-sm transition-colors duration-200 text-left break-words text-gray-800 group-hover:text-gray-900\">A interrup\u00e7\u00e3o no abastecimento de \u00e1gua \u00e0 popula\u00e7\u00e3o no Umbe deve-se \u00e0 avaria da conduta em consequ\u00eancia da subida do caudal do rio Cunene. Outros dados com o jornalista Leo Adriano.<\/p>\n<\/div>\n<\/div>\n<\/div>\n<div class=\"jsx-2a3b4af8f89fe3c1 group relative rounded-lg sm:rounded-xl shadow-sm border transition-all duration-300 cursor-pointer py-2 sm:py-1 px-2 sm:px-2 bg-white border-gray-100 hover:shadow-md hover:border-primary\/20 hover:bg-primary\/5\">\n<div class=\"jsx-2a3b4af8f89fe3c1 flex flex-col sm:flex-row sm:items-center gap-2 sm:gap-3\">\n<div class=\"jsx-2a3b4af8f89fe3c1 flex items-center gap-2 sm:gap-3\">Clique no \u00e1udio abaixo e ou\u00e7a:\t<div class=\"qtmplayer-playlist-large\">\n\t\t<ul class=\"qtmplayer-playlist\">\n\t\t\t\n\t\t\t\t\t<li class=\"qtmplayer-trackitem\">\n\t\t<img src=\"https:\/\/rna.ao\/rna.ao\/wp-content\/uploads\/2023\/03\/Flata-de-agua-potavel-100x100.jpg\" alt=\"cover\">\t\t<span \t\t\tdata-qtmplayer-cover=\"https:\/\/rna.ao\/rna.ao\/wp-content\/uploads\/2023\/03\/Flata-de-agua-potavel-370x370.jpg\"\n\t\t\t\t\t\tdata-qtmplayer-file=\"https:\/\/rna.ao\/rna.ao\/wp-content\/uploads\/2026\/04\/CUNENE-LEO-ADRIANO.mp3\"\n\t\t\t\t\t\tdata-qtmplayer-title=\"Cunene: Popula\u00e7\u00e3o do Umbe est\u00e1 privada do abastecimento de \u00e1gua pot\u00e1vel h\u00e1 dois meses\"\n\t\t\t\t\t\tdata-qtmplayer-artist=\"Patr\u00edcia Campos\"\n\t\t\t\t\t\tdata-qtmplayer-link=\"https:\/\/rna.ao\/rna.ao\/2026\/04\/26\/cunene-populacao-do-umbe-esta-privada-do-abastecimento-de-agua-potavel-ha-dois-meses\/\"\n\t\t\t\t\t\tdata-qtmplayer-icon=\"file_download\"\n\t\t\t\t\t\tdata-qtmplayer-type=\"track\"\n\t\t\t class=\"qtmplayer-play qtmplayer-link-sec qtmplayer-play-btn\"><i class='material-icons'>play_arrow<\/i><\/span>\n\t\t<p>\n\t\t\t<span class=\"qtmplayer-tit\">Cunene: Popula\u00e7\u00e3o do Umbe est\u00e1 privada do abastecimento de \u00e1gua pot\u00e1vel h\u00e1 dois meses<\/span>\n\t\t\t<span class=\"qtmplayer-art\">Patr\u00edcia Campos<\/span>\n\t\t<\/p>\n\t<\/li>\n\t\t<\/ul>\n\t<\/div>\t\t\t\n\t<\/p>\n<\/div>\n<\/div>\n<\/div>\n","protected":false},"excerpt":{"rendered":"<p>Mais de 35 mil habitantes do munic\u00edpio do Umbe, no Cunene, est\u00e3o privados de \u00e1gua pot\u00e1vel h\u00e1 dois meses. A interrup\u00e7\u00e3o no abastecimento de \u00e1gua \u00e0 popula\u00e7\u00e3o no Umbe deve-se \u00e0 avaria da conduta em consequ\u00eancia da subida do caudal do rio Cunene. Outros dados com o jornalista Leo Adriano. ...<\/p>\n","protected":false},"author":21,"featured_media":95313,"comment_status":"closed","ping_status":"closed","sticky":false,"template":"","format":"standard","meta":[],"categories":[142,121,164,163,1],"tags":[],"_links":{"self":[{"href":"https:\/\/rna.ao\/rna.ao\/wp-json\/wp\/v2\/posts\/215849"}],"collection":[{"href":"https:\/\/rna.ao\/rna.ao\/wp-json\/wp\/v2\/posts"}],"about":[{"href":"https:\/\/rna.ao\/rna.ao\/wp-json\/wp\/v2\/types\/post"}],"author":[{"embeddable":true,"href":"https:\/\/rna.ao\/rna.ao\/wp-json\/wp\/v2\/users\/21"}],"replies":[{"embeddable":true,"href":"https:\/\/rna.ao\/rna.ao\/wp-json\/wp\/v2\/comments?post=215849"}],"version-history":[{"count":1,"href":"https:\/\/rna.ao\/rna.ao\/wp-json\/wp\/v2\/posts\/215849\/revisions"}],"predecessor-version":[{"id":215853,"href":"https:\/\/rna.ao\/rna.ao\/wp-json\/wp\/v2\/posts\/215849\/revisions\/215853"}],"wp:featuredmedia":[{"embeddable":true,"href":"https:\/\/rna.ao\/rna.ao\/wp-json\/wp\/v2\/media\/95313"}],"wp:attachment":[{"href":"https:\/\/rna.ao\/rna.ao\/wp-json\/wp\/v2\/media?parent=215849"}],"wp:term":[{"taxonomy":"category","embeddable":true,"href":"https:\/\/rna.ao\/rna.ao\/wp-json\/wp\/v2\/categories?post=215849"},{"taxonomy":"post_tag","embeddable":true,"href":"https:\/\/rna.ao\/rna.ao\/wp-json\/wp\/v2\/tags?post=215849"}],"curies":[{"name":"wp","href":"https:\/\/api.w.org\/{rel}","templated":true}]}}