{"id":215834,"date":"2026-04-26T08:57:27","date_gmt":"2026-04-26T07:57:27","guid":{"rendered":"https:\/\/rna.ao\/rna.ao\/?p=215834"},"modified":"2026-04-26T08:57:42","modified_gmt":"2026-04-26T07:57:42","slug":"campanha-de-recolha-de-donativos-abraco-abraco-solidario-supera-expectativas-da-organizacao","status":"publish","type":"post","link":"https:\/\/rna.ao\/rna.ao\/2026\/04\/26\/campanha-de-recolha-de-donativos-abraco-abraco-solidario-supera-expectativas-da-organizacao\/","title":{"rendered":"Campanha de recolha de donativos Abra\u00e7o Solid\u00e1rio supera expectativas da organiza\u00e7\u00e3o"},"content":{"rendered":"<div class=\"jsx-2a3b4af8f89fe3c1 group relative rounded-lg sm:rounded-xl shadow-sm border transition-all duration-300 cursor-pointer py-2 sm:py-1 px-2 sm:px-2 bg-white border-gray-100 hover:shadow-md hover:border-primary\/20 hover:bg-primary\/5\">\n<div class=\"jsx-2a3b4af8f89fe3c1 flex flex-col sm:flex-row sm:items-center gap-2 sm:gap-3\">\n<div class=\"jsx-2a3b4af8f89fe3c1 flex-1 min-w-0\">\n<p><img loading=\"lazy\" class=\"alignnone size-full wp-image-25008\" src=\"https:\/\/rna.ao\/rna.ao\/wp-content\/uploads\/2021\/05\/Abraco-Solidario-Pic.jpg\" alt=\"\" width=\"768\" height=\"508\" \/><\/p>\n<p class=\"jsx-2a3b4af8f89fe3c1 leading-relaxed text-sm transition-colors duration-200 text-left break-words text-gray-800 group-hover:text-gray-900\">Terminou este s\u00e1bado, 25 de abril, a campanha de recolha de donativos para as fam\u00edlias sinistradas em Benguela, a\u00e7\u00e3o levada a cabo pelo Minist\u00e9rio das Telecomunica\u00e7\u00f5es, Tecnologias de Informa\u00e7\u00e3o e Comunica\u00e7\u00e3o Social.<\/p>\n<p>O encerramento da campanha Abra\u00e7o Solid\u00e1rio ficou marcado pela realiza\u00e7\u00e3o de um show solid\u00e1rio na cidadela desportiva, que contou com a participa\u00e7\u00e3o de v\u00e1rios m\u00fasicos da nossa pra\u00e7a.<\/p>\n<\/div>\n<\/div>\n<\/div>\n<div class=\"jsx-2a3b4af8f89fe3c1 group relative rounded-lg sm:rounded-xl shadow-sm border transition-all duration-300 cursor-pointer py-2 sm:py-1 px-2 sm:px-2 bg-white border-gray-100 hover:shadow-md hover:border-primary\/20 hover:bg-primary\/5\">\n<div class=\"jsx-2a3b4af8f89fe3c1 flex flex-col sm:flex-row sm:items-center gap-2 sm:gap-3\">\n<div class=\"jsx-2a3b4af8f89fe3c1 flex items-center gap-2 sm:gap-3\">\n<p>A porta-voz da campanha solid\u00e1ria, Ana Cristina, diz que o pr\u00e9-balan\u00e7o do per\u00edodo de recolha de donativos \u00e9 positivo. Clique no \u00e1udio abaixo e ou\u00e7a:<\/p>\n\t<div class=\"qtmplayer-playlist-large\">\n\t\t<ul class=\"qtmplayer-playlist\">\n\t\t\t\n\t\t\t\t\t<li class=\"qtmplayer-trackitem\">\n\t\t<img src=\"https:\/\/rna.ao\/rna.ao\/wp-content\/uploads\/2021\/07\/DOACAO-MININT-100x100.jpg\" alt=\"cover\">\t\t<span \t\t\tdata-qtmplayer-cover=\"https:\/\/rna.ao\/rna.ao\/wp-content\/uploads\/2021\/07\/DOACAO-MININT-370x370.jpg\"\n\t\t\t\t\t\tdata-qtmplayer-file=\"https:\/\/rna.ao\/rna.ao\/wp-content\/uploads\/2026\/04\/ANA-CRISTINA.mp3\"\n\t\t\t\t\t\tdata-qtmplayer-title=\"Campanha de recolha de donativos Abra\u00e7o Solid\u00e1rio supera expectativas da organiza\u00e7\u00e3o\"\n\t\t\t\t\t\tdata-qtmplayer-artist=\"Patr\u00edcia Campos\"\n\t\t\t\t\t\tdata-qtmplayer-link=\"https:\/\/rna.ao\/rna.ao\/2026\/04\/26\/campanha-de-recolha-de-donativos-abraco-abraco-solidario-supera-expectativas-da-organizacao\/\"\n\t\t\t\t\t\tdata-qtmplayer-icon=\"file_download\"\n\t\t\t\t\t\tdata-qtmplayer-type=\"track\"\n\t\t\t class=\"qtmplayer-play qtmplayer-link-sec qtmplayer-play-btn\"><i class='material-icons'>play_arrow<\/i><\/span>\n\t\t<p>\n\t\t\t<span class=\"qtmplayer-tit\">Campanha de recolha de donativos Abra\u00e7o Solid\u00e1rio supera expectativas da organiza\u00e7\u00e3o<\/span>\n\t\t\t<span class=\"qtmplayer-art\">Patr\u00edcia Campos<\/span>\n\t\t<\/p>\n\t<\/li>\n\t\t<\/ul>\n\t<\/div>\t\t\t\n\t\n<\/div>\n<\/div>\n<\/div>\n","protected":false},"excerpt":{"rendered":"<p>Terminou este s\u00e1bado, 25 de abril, a campanha de recolha de donativos para as fam\u00edlias sinistradas em Benguela, a\u00e7\u00e3o levada a cabo pelo Minist\u00e9rio das Telecomunica\u00e7\u00f5es, Tecnologias de Informa\u00e7\u00e3o e Comunica\u00e7\u00e3o Social. O encerramento da campanha Abra\u00e7o Solid\u00e1rio ficou marcado pela realiza\u00e7\u00e3o de um show solid\u00e1rio na cidadela desportiva, que ...<\/p>\n","protected":false},"author":21,"featured_media":31283,"comment_status":"closed","ping_status":"closed","sticky":false,"template":"","format":"standard","meta":[],"categories":[142,121,164,163],"tags":[],"_links":{"self":[{"href":"https:\/\/rna.ao\/rna.ao\/wp-json\/wp\/v2\/posts\/215834"}],"collection":[{"href":"https:\/\/rna.ao\/rna.ao\/wp-json\/wp\/v2\/posts"}],"about":[{"href":"https:\/\/rna.ao\/rna.ao\/wp-json\/wp\/v2\/types\/post"}],"author":[{"embeddable":true,"href":"https:\/\/rna.ao\/rna.ao\/wp-json\/wp\/v2\/users\/21"}],"replies":[{"embeddable":true,"href":"https:\/\/rna.ao\/rna.ao\/wp-json\/wp\/v2\/comments?post=215834"}],"version-history":[{"count":2,"href":"https:\/\/rna.ao\/rna.ao\/wp-json\/wp\/v2\/posts\/215834\/revisions"}],"predecessor-version":[{"id":215838,"href":"https:\/\/rna.ao\/rna.ao\/wp-json\/wp\/v2\/posts\/215834\/revisions\/215838"}],"wp:featuredmedia":[{"embeddable":true,"href":"https:\/\/rna.ao\/rna.ao\/wp-json\/wp\/v2\/media\/31283"}],"wp:attachment":[{"href":"https:\/\/rna.ao\/rna.ao\/wp-json\/wp\/v2\/media?parent=215834"}],"wp:term":[{"taxonomy":"category","embeddable":true,"href":"https:\/\/rna.ao\/rna.ao\/wp-json\/wp\/v2\/categories?post=215834"},{"taxonomy":"post_tag","embeddable":true,"href":"https:\/\/rna.ao\/rna.ao\/wp-json\/wp\/v2\/tags?post=215834"}],"curies":[{"name":"wp","href":"https:\/\/api.w.org\/{rel}","templated":true}]}}