{"id":215830,"date":"2026-04-26T08:30:56","date_gmt":"2026-04-26T07:30:56","guid":{"rendered":"https:\/\/rna.ao\/rna.ao\/?p=215830"},"modified":"2026-04-26T08:30:56","modified_gmt":"2026-04-26T07:30:56","slug":"bengo-em-dia-de-festa-pelos-46-anos-de-existencia-da-provincia-governo-local-assegura-trabalho-para-a-melhoria-das-condicoes-de-vida-da-populacao","status":"publish","type":"post","link":"https:\/\/rna.ao\/rna.ao\/2026\/04\/26\/bengo-em-dia-de-festa-pelos-46-anos-de-existencia-da-provincia-governo-local-assegura-trabalho-para-a-melhoria-das-condicoes-de-vida-da-populacao\/","title":{"rendered":"Bengo em dia de festa pelos 46 anos de exist\u00eancia da prov\u00edncia. Governo local assegura trabalho para a melhoria das condi\u00e7\u00f5es de vida da popula\u00e7\u00e3o"},"content":{"rendered":"<div class=\"jsx-2a3b4af8f89fe3c1 group relative rounded-lg sm:rounded-xl shadow-sm border transition-all duration-300 cursor-pointer py-2 sm:py-1 px-2 sm:px-2 bg-white border-gray-100 hover:shadow-md hover:border-primary\/20 hover:bg-primary\/5\">\n<div class=\"jsx-2a3b4af8f89fe3c1 flex flex-col sm:flex-row sm:items-center gap-2 sm:gap-3\">\n<div class=\"jsx-2a3b4af8f89fe3c1 flex-1 min-w-0\">\n<p><img loading=\"lazy\" class=\"alignnone  wp-image-27056\" src=\"https:\/\/rna.ao\/rna.ao\/wp-content\/uploads\/2021\/06\/Governo-Provincial-do-Bengo-1.jpg\" alt=\"\" width=\"509\" height=\"339\" \/><\/p>\n<p class=\"jsx-2a3b4af8f89fe3c1 leading-relaxed text-sm transition-colors duration-200 text-left break-words text-gray-800 group-hover:text-gray-900\">A prov\u00edncia do Bengo celebra hoje 46 anos desde a sua cria\u00e7\u00e3o.<\/p>\n<p class=\"jsx-2a3b4af8f89fe3c1 leading-relaxed text-sm transition-colors duration-200 text-left break-words text-gray-800 group-hover:text-gray-900\">A melhoria das condi\u00e7\u00f5es de vida da popula\u00e7\u00e3o e o fortalecimento da economia constam da agenda de prioridades do governa\u00e7\u00e3o local.<\/p>\n<\/div>\n<\/div>\n<\/div>\n<div class=\"jsx-2a3b4af8f89fe3c1 group relative rounded-lg sm:rounded-xl shadow-sm border transition-all duration-300 cursor-pointer py-2 sm:py-1 px-2 sm:px-2 bg-white border-gray-100 hover:shadow-md hover:border-primary\/20 hover:bg-primary\/5\"><\/div>\n<div class=\"jsx-2a3b4af8f89fe3c1 group relative rounded-lg sm:rounded-xl shadow-sm border transition-all duration-300 cursor-pointer py-2 sm:py-1 px-2 sm:px-2 bg-white border-gray-100 hover:shadow-md hover:border-primary\/20 hover:bg-primary\/5\">\n<div class=\"jsx-2a3b4af8f89fe3c1 flex flex-col sm:flex-row sm:items-center gap-2 sm:gap-3\">\n<div class=\"jsx-2a3b4af8f89fe3c1 flex items-center gap-2 sm:gap-3\">A governadora do Bengo, Maria Ant\u00f3nia Nelumba, fala dos grandes projetos estruturantes da prov\u00edncia, com destaque para os setores da energia, \u00e1guas e vias de acesso. Jornalista Vladimir Afonso. Clique no \u00e1udio abaixo e ou\u00e7a:\t<div class=\"qtmplayer-playlist-large\">\n\t\t<ul class=\"qtmplayer-playlist\">\n\t\t\t\n\t\t\t\t\t<li class=\"qtmplayer-trackitem\">\n\t\t<img src=\"https:\/\/rna.ao\/rna.ao\/wp-content\/uploads\/2021\/06\/Governo-Provincial-do-Bengo-1-100x100.jpg\" alt=\"cover\">\t\t<span \t\t\tdata-qtmplayer-cover=\"https:\/\/rna.ao\/rna.ao\/wp-content\/uploads\/2021\/06\/Governo-Provincial-do-Bengo-1.jpg\"\n\t\t\t\t\t\tdata-qtmplayer-file=\"https:\/\/rna.ao\/rna.ao\/wp-content\/uploads\/2026\/04\/BENGO-46-ANOS.mp3\"\n\t\t\t\t\t\tdata-qtmplayer-title=\"Bengo em dia de festa pelos 46 anos de exist\u00eancia da prov\u00edncia. Governo local assegura trabalho para a melhoria das condi\u00e7\u00f5es de vida da popula\u00e7\u00e3o\"\n\t\t\t\t\t\tdata-qtmplayer-artist=\"Patr\u00edcia Campos\"\n\t\t\t\t\t\tdata-qtmplayer-link=\"https:\/\/rna.ao\/rna.ao\/2026\/04\/26\/bengo-em-dia-de-festa-pelos-46-anos-de-existencia-da-provincia-governo-local-assegura-trabalho-para-a-melhoria-das-condicoes-de-vida-da-populacao\/\"\n\t\t\t\t\t\tdata-qtmplayer-icon=\"file_download\"\n\t\t\t\t\t\tdata-qtmplayer-type=\"track\"\n\t\t\t class=\"qtmplayer-play qtmplayer-link-sec qtmplayer-play-btn\"><i class='material-icons'>play_arrow<\/i><\/span>\n\t\t<p>\n\t\t\t<span class=\"qtmplayer-tit\">Bengo em dia de festa pelos 46 anos de exist\u00eancia da prov\u00edncia. Governo local assegura trabalho para a melhoria das condi\u00e7\u00f5es de vida da popula\u00e7\u00e3o<\/span>\n\t\t\t<span class=\"qtmplayer-art\">Patr\u00edcia Campos<\/span>\n\t\t<\/p>\n\t<\/li>\n\t\t<\/ul>\n\t<\/div>\t\t\t\n\t<\/p>\n<\/div>\n<\/div>\n<\/div>\n","protected":false},"excerpt":{"rendered":"<p>A prov\u00edncia do Bengo celebra hoje 46 anos desde a sua cria\u00e7\u00e3o. A melhoria das condi\u00e7\u00f5es de vida da popula\u00e7\u00e3o e o fortalecimento da economia constam da agenda de prioridades do governa\u00e7\u00e3o local. A governadora do Bengo, Maria Ant\u00f3nia Nelumba, fala dos grandes projetos estruturantes da prov\u00edncia, com destaque para ...<\/p>\n","protected":false},"author":21,"featured_media":27056,"comment_status":"closed","ping_status":"closed","sticky":false,"template":"","format":"standard","meta":[],"categories":[142,121,164,163],"tags":[],"_links":{"self":[{"href":"https:\/\/rna.ao\/rna.ao\/wp-json\/wp\/v2\/posts\/215830"}],"collection":[{"href":"https:\/\/rna.ao\/rna.ao\/wp-json\/wp\/v2\/posts"}],"about":[{"href":"https:\/\/rna.ao\/rna.ao\/wp-json\/wp\/v2\/types\/post"}],"author":[{"embeddable":true,"href":"https:\/\/rna.ao\/rna.ao\/wp-json\/wp\/v2\/users\/21"}],"replies":[{"embeddable":true,"href":"https:\/\/rna.ao\/rna.ao\/wp-json\/wp\/v2\/comments?post=215830"}],"version-history":[{"count":1,"href":"https:\/\/rna.ao\/rna.ao\/wp-json\/wp\/v2\/posts\/215830\/revisions"}],"predecessor-version":[{"id":215833,"href":"https:\/\/rna.ao\/rna.ao\/wp-json\/wp\/v2\/posts\/215830\/revisions\/215833"}],"wp:featuredmedia":[{"embeddable":true,"href":"https:\/\/rna.ao\/rna.ao\/wp-json\/wp\/v2\/media\/27056"}],"wp:attachment":[{"href":"https:\/\/rna.ao\/rna.ao\/wp-json\/wp\/v2\/media?parent=215830"}],"wp:term":[{"taxonomy":"category","embeddable":true,"href":"https:\/\/rna.ao\/rna.ao\/wp-json\/wp\/v2\/categories?post=215830"},{"taxonomy":"post_tag","embeddable":true,"href":"https:\/\/rna.ao\/rna.ao\/wp-json\/wp\/v2\/tags?post=215830"}],"curies":[{"name":"wp","href":"https:\/\/api.w.org\/{rel}","templated":true}]}}