{"id":215814,"date":"2026-04-26T02:22:40","date_gmt":"2026-04-26T01:22:40","guid":{"rendered":"https:\/\/rna.ao\/rna.ao\/?p=215814"},"modified":"2026-04-26T02:22:40","modified_gmt":"2026-04-26T01:22:40","slug":"caldo-do-poeira-vai-hoje-ao-bengo-para-homenagear-o-musico-minguito","status":"publish","type":"post","link":"https:\/\/rna.ao\/rna.ao\/2026\/04\/26\/caldo-do-poeira-vai-hoje-ao-bengo-para-homenagear-o-musico-minguito\/","title":{"rendered":"Caldo do poeira vai hoje ao Bengo para homenagear o m\u00fasico Minguito"},"content":{"rendered":"<p><img loading=\"lazy\" class=\"alignnone size-medium wp-image-215736\" src=\"https:\/\/rna.ao\/rna.ao\/wp-content\/uploads\/2026\/04\/0b6ff587-d272-4e47-a7b5-285238a30640-616x770.jpeg\" alt=\"\" width=\"616\" height=\"770\" srcset=\"https:\/\/rna.ao\/rna.ao\/wp-content\/uploads\/2026\/04\/0b6ff587-d272-4e47-a7b5-285238a30640-616x770.jpeg 616w, https:\/\/rna.ao\/rna.ao\/wp-content\/uploads\/2026\/04\/0b6ff587-d272-4e47-a7b5-285238a30640-936x1170.jpeg 936w, https:\/\/rna.ao\/rna.ao\/wp-content\/uploads\/2026\/04\/0b6ff587-d272-4e47-a7b5-285238a30640-768x960.jpeg 768w, https:\/\/rna.ao\/rna.ao\/wp-content\/uploads\/2026\/04\/0b6ff587-d272-4e47-a7b5-285238a30640.jpeg 1080w\" sizes=\"(max-width: 616px) 100vw, 616px\" \/><\/p>\n<p>O caldo do poeira deste Domingo vai ser servido na prov\u00edncia do Bengo, que celebra hoje 46 anos desde que foi elevada a categoria de prov\u00edncia.<\/p>\n<div class=\"jsx-2a3b4af8f89fe3c1 group relative rounded-lg sm:rounded-xl shadow-sm border transition-all duration-300 cursor-pointer py-2 sm:py-1 px-2 sm:px-2 bg-white border-gray-100 hover:shadow-md hover:border-primary\/20 hover:bg-primary\/5\">\n<div class=\"jsx-2a3b4af8f89fe3c1 flex flex-col sm:flex-row sm:items-center gap-2 sm:gap-3\">\n<div class=\"jsx-2a3b4af8f89fe3c1 flex-1 min-w-0\">\n<p class=\"jsx-2a3b4af8f89fe3c1 leading-relaxed text-sm transition-colors duration-200 text-left break-words text-gray-800 group-hover:text-gray-900\">O projeto m\u00fasico-cultural da R\u00e1dio Nacional de Angola vai homenagear Minguito, um filho do Bengo.<\/p>\n<\/div>\n<\/div>\n<\/div>\n<div class=\"jsx-2a3b4af8f89fe3c1 group relative rounded-lg sm:rounded-xl shadow-sm border transition-all duration-300 cursor-pointer py-2 sm:py-1 px-2 sm:px-2 bg-white border-gray-100 hover:shadow-md hover:border-primary\/20 hover:bg-primary\/5\">\n<div class=\"jsx-2a3b4af8f89fe3c1 absolute left-0 top-0 bottom-0 w-1 rounded-l-xl transition-opacity duration-300 bg-primary opacity-0 group-hover:opacity-100\">O Caldo do Poeira edi\u00e7\u00e3o de abril, com parceria do governo do Bengo e o Prova d&#8217;Arte, vai ser servido no espa\u00e7o Mulemba, na A\u00e7ucareira.<\/div>\n<\/div>\n<div class=\"jsx-2a3b4af8f89fe3c1 group relative rounded-lg sm:rounded-xl shadow-sm border transition-all duration-300 cursor-pointer py-2 sm:py-1 px-2 sm:px-2 bg-white border-gray-100 hover:shadow-md hover:border-primary\/20 hover:bg-primary\/5\"><\/div>\n<div class=\"jsx-2a3b4af8f89fe3c1 group relative rounded-lg sm:rounded-xl shadow-sm border transition-all duration-300 cursor-pointer py-2 sm:py-1 px-2 sm:px-2 bg-white border-gray-100 hover:shadow-md hover:border-primary\/20 hover:bg-primary\/5\">\n<div class=\"jsx-2a3b4af8f89fe3c1 flex flex-col sm:flex-row sm:items-center gap-2 sm:gap-3\">\n<div class=\"jsx-2a3b4af8f89fe3c1 flex items-center gap-2 sm:gap-3\">Todos os pormenores com o jornalista Anast\u00e1cio Sim\u00e3o. Clique no \u00e1udio abaixo e ou\u00e7a:\t<div class=\"qtmplayer-playlist-large\">\n\t\t<ul class=\"qtmplayer-playlist\">\n\t\t\t\n\t\t\t\t\t<li class=\"qtmplayer-trackitem\">\n\t\t<img src=\"https:\/\/rna.ao\/rna.ao\/wp-content\/uploads\/2026\/04\/0b6ff587-d272-4e47-a7b5-285238a30640-100x100.jpeg\" alt=\"cover\">\t\t<span \t\t\tdata-qtmplayer-cover=\"https:\/\/rna.ao\/rna.ao\/wp-content\/uploads\/2026\/04\/0b6ff587-d272-4e47-a7b5-285238a30640-370x370.jpeg\"\n\t\t\t\t\t\tdata-qtmplayer-file=\"https:\/\/rna.ao\/rna.ao\/wp-content\/uploads\/2026\/04\/CALDO-DO-POEIRA.mp3\"\n\t\t\t\t\t\tdata-qtmplayer-title=\"Caldo do poeira vai hoje ao Bengo para homenagear o m\u00fasico Minguito\"\n\t\t\t\t\t\tdata-qtmplayer-artist=\"Patr\u00edcia Campos\"\n\t\t\t\t\t\tdata-qtmplayer-link=\"https:\/\/rna.ao\/rna.ao\/2026\/04\/26\/caldo-do-poeira-vai-hoje-ao-bengo-para-homenagear-o-musico-minguito\/\"\n\t\t\t\t\t\tdata-qtmplayer-icon=\"file_download\"\n\t\t\t\t\t\tdata-qtmplayer-type=\"track\"\n\t\t\t class=\"qtmplayer-play qtmplayer-link-sec qtmplayer-play-btn\"><i class='material-icons'>play_arrow<\/i><\/span>\n\t\t<p>\n\t\t\t<span class=\"qtmplayer-tit\">Caldo do poeira vai hoje ao Bengo para homenagear o m\u00fasico Minguito<\/span>\n\t\t\t<span class=\"qtmplayer-art\">Patr\u00edcia Campos<\/span>\n\t\t<\/p>\n\t<\/li>\n\t\t<\/ul>\n\t<\/div>\t\t\t\n\t<\/p>\n<\/div>\n<\/div>\n<\/div>\n","protected":false},"excerpt":{"rendered":"<p>O caldo do poeira deste Domingo vai ser servido na prov\u00edncia do Bengo, que celebra hoje 46 anos desde que foi elevada a categoria de prov\u00edncia. O projeto m\u00fasico-cultural da R\u00e1dio Nacional de Angola vai homenagear Minguito, um filho do Bengo. O Caldo do Poeira edi\u00e7\u00e3o de abril, com parceria ...<\/p>\n","protected":false},"author":21,"featured_media":215736,"comment_status":"closed","ping_status":"closed","sticky":false,"template":"","format":"standard","meta":[],"categories":[142,121,164,163],"tags":[],"_links":{"self":[{"href":"https:\/\/rna.ao\/rna.ao\/wp-json\/wp\/v2\/posts\/215814"}],"collection":[{"href":"https:\/\/rna.ao\/rna.ao\/wp-json\/wp\/v2\/posts"}],"about":[{"href":"https:\/\/rna.ao\/rna.ao\/wp-json\/wp\/v2\/types\/post"}],"author":[{"embeddable":true,"href":"https:\/\/rna.ao\/rna.ao\/wp-json\/wp\/v2\/users\/21"}],"replies":[{"embeddable":true,"href":"https:\/\/rna.ao\/rna.ao\/wp-json\/wp\/v2\/comments?post=215814"}],"version-history":[{"count":1,"href":"https:\/\/rna.ao\/rna.ao\/wp-json\/wp\/v2\/posts\/215814\/revisions"}],"predecessor-version":[{"id":215816,"href":"https:\/\/rna.ao\/rna.ao\/wp-json\/wp\/v2\/posts\/215814\/revisions\/215816"}],"wp:featuredmedia":[{"embeddable":true,"href":"https:\/\/rna.ao\/rna.ao\/wp-json\/wp\/v2\/media\/215736"}],"wp:attachment":[{"href":"https:\/\/rna.ao\/rna.ao\/wp-json\/wp\/v2\/media?parent=215814"}],"wp:term":[{"taxonomy":"category","embeddable":true,"href":"https:\/\/rna.ao\/rna.ao\/wp-json\/wp\/v2\/categories?post=215814"},{"taxonomy":"post_tag","embeddable":true,"href":"https:\/\/rna.ao\/rna.ao\/wp-json\/wp\/v2\/tags?post=215814"}],"curies":[{"name":"wp","href":"https:\/\/api.w.org\/{rel}","templated":true}]}}