{"id":215723,"date":"2026-04-25T07:57:10","date_gmt":"2026-04-25T06:57:10","guid":{"rendered":"https:\/\/rna.ao\/rna.ao\/?p=215723"},"modified":"2026-04-25T07:59:40","modified_gmt":"2026-04-25T06:59:40","slug":"provincia-de-cabinda-regista-mais-de-72-mil-casos-de-malaria-em-tres-meses","status":"publish","type":"post","link":"https:\/\/rna.ao\/rna.ao\/2026\/04\/25\/provincia-de-cabinda-regista-mais-de-72-mil-casos-de-malaria-em-tres-meses\/","title":{"rendered":"Prov\u00edncia de Cabinda regista mais de 72 mil casos de Mal\u00e1ria em tr\u00eas meses"},"content":{"rendered":"<p><img loading=\"lazy\" class=\"alignnone size-full wp-image-48861\" src=\"https:\/\/rna.ao\/rna.ao\/wp-content\/uploads\/2022\/01\/Doentes-de-malaria-no-hospital.jpg\" alt=\"\" width=\"750\" height=\"422\" \/><\/p>\n<p>A prov\u00edncia de Cabinda registou no ano passado mais 351 mil casos de mal\u00e1ria, dos quais 190 mortes.<br \/>\nNo primeiro trimestre deste ano, os n\u00fameros apontam para o diagn\u00f3stico de mais de 72 mil casos da doen\u00e7a.\u00a0 Jornalista Mateus Pinto. Clique no \u00e1udio abaixo e ou\u00e7a:<\/p>\n\t<div class=\"qtmplayer-playlist-large\">\n\t\t<ul class=\"qtmplayer-playlist\">\n\t\t\t\n\t\t\t\t\t<li class=\"qtmplayer-trackitem\">\n\t\t<img src=\"https:\/\/rna.ao\/rna.ao\/wp-content\/uploads\/2022\/01\/Doentes-de-malaria-no-hospital-1-100x100.jpg\" alt=\"cover\">\t\t<span \t\t\tdata-qtmplayer-cover=\"https:\/\/rna.ao\/rna.ao\/wp-content\/uploads\/2022\/01\/Doentes-de-malaria-no-hospital-1.jpg\"\n\t\t\t\t\t\tdata-qtmplayer-file=\"https:\/\/rna.ao\/rna.ao\/wp-content\/uploads\/2026\/04\/CABINDA-MALARIA.mp3\"\n\t\t\t\t\t\tdata-qtmplayer-title=\"Prov\u00edncia de Cabinda regista mais de 72 mil casos de Mal\u00e1ria em tr\u00eas meses\"\n\t\t\t\t\t\tdata-qtmplayer-artist=\"Patr\u00edcia Campos\"\n\t\t\t\t\t\tdata-qtmplayer-link=\"https:\/\/rna.ao\/rna.ao\/2026\/04\/25\/provincia-de-cabinda-regista-mais-de-72-mil-casos-de-malaria-em-tres-meses\/\"\n\t\t\t\t\t\tdata-qtmplayer-icon=\"file_download\"\n\t\t\t\t\t\tdata-qtmplayer-type=\"track\"\n\t\t\t class=\"qtmplayer-play qtmplayer-link-sec qtmplayer-play-btn\"><i class='material-icons'>play_arrow<\/i><\/span>\n\t\t<p>\n\t\t\t<span class=\"qtmplayer-tit\">Prov\u00edncia de Cabinda regista mais de 72 mil casos de Mal\u00e1ria em tr\u00eas meses<\/span>\n\t\t\t<span class=\"qtmplayer-art\">Patr\u00edcia Campos<\/span>\n\t\t<\/p>\n\t<\/li>\n\t\t<\/ul>\n\t<\/div>\t\t\t\n\t\n<p>&nbsp;<\/p>\n","protected":false},"excerpt":{"rendered":"<p>A prov\u00edncia de Cabinda registou no ano passado mais 351 mil casos de mal\u00e1ria, dos quais 190 mortes. No primeiro trimestre deste ano, os n\u00fameros apontam para o diagn\u00f3stico de mais de 72 mil casos da doen\u00e7a.\u00a0 Jornalista Mateus Pinto. Clique no \u00e1udio abaixo e ou\u00e7a: &nbsp;<\/p>\n","protected":false},"author":21,"featured_media":48862,"comment_status":"closed","ping_status":"closed","sticky":false,"template":"","format":"standard","meta":[],"categories":[142,121,164,163,1],"tags":[],"_links":{"self":[{"href":"https:\/\/rna.ao\/rna.ao\/wp-json\/wp\/v2\/posts\/215723"}],"collection":[{"href":"https:\/\/rna.ao\/rna.ao\/wp-json\/wp\/v2\/posts"}],"about":[{"href":"https:\/\/rna.ao\/rna.ao\/wp-json\/wp\/v2\/types\/post"}],"author":[{"embeddable":true,"href":"https:\/\/rna.ao\/rna.ao\/wp-json\/wp\/v2\/users\/21"}],"replies":[{"embeddable":true,"href":"https:\/\/rna.ao\/rna.ao\/wp-json\/wp\/v2\/comments?post=215723"}],"version-history":[{"count":3,"href":"https:\/\/rna.ao\/rna.ao\/wp-json\/wp\/v2\/posts\/215723\/revisions"}],"predecessor-version":[{"id":215727,"href":"https:\/\/rna.ao\/rna.ao\/wp-json\/wp\/v2\/posts\/215723\/revisions\/215727"}],"wp:featuredmedia":[{"embeddable":true,"href":"https:\/\/rna.ao\/rna.ao\/wp-json\/wp\/v2\/media\/48862"}],"wp:attachment":[{"href":"https:\/\/rna.ao\/rna.ao\/wp-json\/wp\/v2\/media?parent=215723"}],"wp:term":[{"taxonomy":"category","embeddable":true,"href":"https:\/\/rna.ao\/rna.ao\/wp-json\/wp\/v2\/categories?post=215723"},{"taxonomy":"post_tag","embeddable":true,"href":"https:\/\/rna.ao\/rna.ao\/wp-json\/wp\/v2\/tags?post=215723"}],"curies":[{"name":"wp","href":"https:\/\/api.w.org\/{rel}","templated":true}]}}