{"id":215720,"date":"2026-04-25T07:40:14","date_gmt":"2026-04-25T06:40:14","guid":{"rendered":"https:\/\/rna.ao\/rna.ao\/?p=215720"},"modified":"2026-04-25T09:27:26","modified_gmt":"2026-04-25T08:27:26","slug":"instituto-de-cereais-preve-colher-mais-de-um-milhao-de-toneladas-de-milho-na-presente-campanha-agricola","status":"publish","type":"post","link":"https:\/\/rna.ao\/rna.ao\/2026\/04\/25\/instituto-de-cereais-preve-colher-mais-de-um-milhao-de-toneladas-de-milho-na-presente-campanha-agricola\/","title":{"rendered":"Huambo: Instituto de cereais prev\u00ea colher mais de um milh\u00e3o de toneladas de milho na presente campanha agr\u00edcola"},"content":{"rendered":"<p><img loading=\"lazy\" class=\"alignnone size-medium wp-image-81519\" src=\"https:\/\/rna.ao\/rna.ao\/wp-content\/uploads\/2022\/10\/milho-colheita-770x434.jpg\" alt=\"\" width=\"770\" height=\"434\" srcset=\"https:\/\/rna.ao\/rna.ao\/wp-content\/uploads\/2022\/10\/milho-colheita-770x434.jpg 770w, https:\/\/rna.ao\/rna.ao\/wp-content\/uploads\/2022\/10\/milho-colheita-768x433.jpg 768w, https:\/\/rna.ao\/rna.ao\/wp-content\/uploads\/2022\/10\/milho-colheita.jpg 780w\" sizes=\"(max-width: 770px) 100vw, 770px\" \/><\/p>\n<p>O Instituto Nacional de Cereais prev\u00ea colher na presente campanha agr\u00edcola mais de um milh\u00e3o de toneladas de milho na prov\u00edncia do Huambo.<\/p>\n<p>O dado \u00e9 resultado de um trabalho de avalia\u00e7\u00e3o sobre os n\u00edveis de produ\u00e7\u00e3o do cereal na prov\u00edncia.\u00a0 Jornalista Laurindo Vieira. clique no \u00e1udio abaixo e ou\u00e7a:<\/p>\n\t<div class=\"qtmplayer-playlist-large\">\n\t\t<ul class=\"qtmplayer-playlist\">\n\t\t\t\n\t\t\t\t\t<li class=\"qtmplayer-trackitem\">\n\t\t<img src=\"https:\/\/rna.ao\/rna.ao\/wp-content\/uploads\/2022\/10\/milho-colheita-100x100.jpg\" alt=\"cover\">\t\t<span \t\t\tdata-qtmplayer-cover=\"https:\/\/rna.ao\/rna.ao\/wp-content\/uploads\/2022\/10\/milho-colheita-370x370.jpg\"\n\t\t\t\t\t\tdata-qtmplayer-file=\"https:\/\/rna.ao\/rna.ao\/wp-content\/uploads\/2026\/04\/HUAMBO-CEREAIS.mp3\"\n\t\t\t\t\t\tdata-qtmplayer-title=\"Huambo: Instituto de cereais prev\u00ea colher mais de um milh\u00e3o de toneladas de milho na presente campanha agr\u00edcola\"\n\t\t\t\t\t\tdata-qtmplayer-artist=\"Patr\u00edcia Campos\"\n\t\t\t\t\t\tdata-qtmplayer-link=\"https:\/\/rna.ao\/rna.ao\/2026\/04\/25\/instituto-de-cereais-preve-colher-mais-de-um-milhao-de-toneladas-de-milho-na-presente-campanha-agricola\/\"\n\t\t\t\t\t\tdata-qtmplayer-icon=\"file_download\"\n\t\t\t\t\t\tdata-qtmplayer-type=\"track\"\n\t\t\t class=\"qtmplayer-play qtmplayer-link-sec qtmplayer-play-btn\"><i class='material-icons'>play_arrow<\/i><\/span>\n\t\t<p>\n\t\t\t<span class=\"qtmplayer-tit\">Huambo: Instituto de cereais prev\u00ea colher mais de um milh\u00e3o de toneladas de milho na presente campanha agr\u00edcola<\/span>\n\t\t\t<span class=\"qtmplayer-art\">Patr\u00edcia Campos<\/span>\n\t\t<\/p>\n\t<\/li>\n\t\t<\/ul>\n\t<\/div>\t\t\t\n\t\n<p>&nbsp;<\/p>\n","protected":false},"excerpt":{"rendered":"<p>O Instituto Nacional de Cereais prev\u00ea colher na presente campanha agr\u00edcola mais de um milh\u00e3o de toneladas de milho na prov\u00edncia do Huambo. O dado \u00e9 resultado de um trabalho de avalia\u00e7\u00e3o sobre os n\u00edveis de produ\u00e7\u00e3o do cereal na prov\u00edncia.\u00a0 Jornalista Laurindo Vieira. clique no \u00e1udio abaixo e ou\u00e7a: ...<\/p>\n","protected":false},"author":21,"featured_media":81519,"comment_status":"closed","ping_status":"closed","sticky":false,"template":"","format":"standard","meta":[],"categories":[142,121,164,163],"tags":[],"_links":{"self":[{"href":"https:\/\/rna.ao\/rna.ao\/wp-json\/wp\/v2\/posts\/215720"}],"collection":[{"href":"https:\/\/rna.ao\/rna.ao\/wp-json\/wp\/v2\/posts"}],"about":[{"href":"https:\/\/rna.ao\/rna.ao\/wp-json\/wp\/v2\/types\/post"}],"author":[{"embeddable":true,"href":"https:\/\/rna.ao\/rna.ao\/wp-json\/wp\/v2\/users\/21"}],"replies":[{"embeddable":true,"href":"https:\/\/rna.ao\/rna.ao\/wp-json\/wp\/v2\/comments?post=215720"}],"version-history":[{"count":2,"href":"https:\/\/rna.ao\/rna.ao\/wp-json\/wp\/v2\/posts\/215720\/revisions"}],"predecessor-version":[{"id":215746,"href":"https:\/\/rna.ao\/rna.ao\/wp-json\/wp\/v2\/posts\/215720\/revisions\/215746"}],"wp:featuredmedia":[{"embeddable":true,"href":"https:\/\/rna.ao\/rna.ao\/wp-json\/wp\/v2\/media\/81519"}],"wp:attachment":[{"href":"https:\/\/rna.ao\/rna.ao\/wp-json\/wp\/v2\/media?parent=215720"}],"wp:term":[{"taxonomy":"category","embeddable":true,"href":"https:\/\/rna.ao\/rna.ao\/wp-json\/wp\/v2\/categories?post=215720"},{"taxonomy":"post_tag","embeddable":true,"href":"https:\/\/rna.ao\/rna.ao\/wp-json\/wp\/v2\/tags?post=215720"}],"curies":[{"name":"wp","href":"https:\/\/api.w.org\/{rel}","templated":true}]}}