{"id":215462,"date":"2026-04-23T10:00:51","date_gmt":"2026-04-23T09:00:51","guid":{"rendered":"https:\/\/rna.ao\/rna.ao\/?p=215462"},"modified":"2026-04-23T10:00:51","modified_gmt":"2026-04-23T09:00:51","slug":"aliou-cisse-procura-manter-contactos-na-europa-com-possiveis-convocaveis-tendo-em-vista-futuros-compromissos","status":"publish","type":"post","link":"https:\/\/rna.ao\/rna.ao\/2026\/04\/23\/aliou-cisse-procura-manter-contactos-na-europa-com-possiveis-convocaveis-tendo-em-vista-futuros-compromissos\/","title":{"rendered":"Aliou Ciss\u00ea procura manter contactos na europa com poss\u00edveis convoc\u00e1veis tendo em vista futuros compromissos"},"content":{"rendered":"<div class=\"Y3BBE\" data-sfc-cp=\"\" data-sfc-root=\"c\" data-sfc-cb=\"\" data-hveid=\"CAEIBBAA\" data-complete=\"true\" data-processed=\"true\">O selecionador nacional, Aliou Ciss\u00e9, encontra-se na Europa para dar continuidade \u00e0 primeira fase do seu trabalho ao servi\u00e7o dos Palancas Negras. De acordo com uma fonte pr\u00f3xima da FAF, o treinador e os seus adjuntos dever\u00e3o iniciar, nos pr\u00f3ximos dias, o processo de prospe\u00e7\u00e3o dos v\u00e1rios atletas angolanos que atuam no futebol europeu.<button class=\"rBl3me\" tabindex=\"0\" data-amic=\"true\" data-icl-uuid=\"f5020f26-3fc6-4706-98bb-2a7fe694b318\" aria-label=\"Ver links relacionados\" data-wiz-attrbind=\"disabled=vnj1Be_w\/C5gNJc;aria-label=vnj1Be_w\/bOjMyf;class=vnj1Be_w\/UpSNec\" data-ved=\"2ahUKEwjGiP7qzYOUAxWJSkEAHYwMG1IQye0OegYIAQgEEAE\" data-hveid=\"CAEIBBAB\"><\/button><\/div>\n<div class=\"Y3BBE\" data-sfc-cp=\"\" data-sfc-root=\"c\" data-sfc-cb=\"\" data-hveid=\"CAEIBRAA\" data-complete=\"true\" data-processed=\"true\">Tendo j\u00e1 em m\u00e3os a lista e os contactos dos jogadores com quem pretende contar para os futuros compromissos \u2014 com destaque para a segunda data FIFA do ano, em junho o selecionador procura agora aproximar-se daqueles que se mostrem dispostos a representar as cores nacionais. Antes da viagem \u00e0 sua terra natal, na passada sexta-feira, o novo homem forte da \u00e1rea t\u00e9cnica da sele\u00e7\u00e3o nacional reuniu-se com os guarda-redes Hugo Marques e Neblu, bem como com o lateral Eddie Afonso. Nestes encontros, o treinador abordou quest\u00f5es ligadas \u00e0 sele\u00e7\u00e3o e aproveitou para estreitar la\u00e7os, inteirando-se da realidade do grupo e de aspetos relativos ao comportamento e posicionamento de cada convocado.<\/div>\n<div data-sfc-cp=\"\" data-sfc-root=\"c\" data-sfc-cb=\"\" data-hveid=\"CAEIBRAA\" data-complete=\"true\" data-processed=\"true\"><\/div>\n<div class=\"Y3BBE\" data-sfc-cp=\"\" data-sfc-root=\"c\" data-sfc-cb=\"\" data-hveid=\"CAEIBRAA\" data-complete=\"true\" data-processed=\"true\">Recorde-se que, logo ap\u00f3s iniciar fun\u00e7\u00f5es, o antigo internacional pelos &#8216;Le\u00f5es da Teranga&#8217; acompanhou v\u00e1rios jogos do Girabola e visitou diversas instala\u00e7\u00f5es desportivas. Entre as visitas, destacam-se a sede do Petro de Luanda, o Centro de Est\u00e1gios Dem\u00f3stenes de Almeida (Catet\u00e3o) e o Centro do Sequele, onde trabalha atualmente a sele\u00e7\u00e3o nacional de sub-17, com o foco no CAN da categoria, que se realiza em maio, em Marrocos.&#8221;<\/div>\n","protected":false},"excerpt":{"rendered":"<p>O selecionador nacional, Aliou Ciss\u00e9, encontra-se na Europa para dar continuidade \u00e0 primeira fase do seu trabalho ao servi\u00e7o dos Palancas Negras. De acordo com uma fonte pr\u00f3xima da FAF, o treinador e os seus adjuntos dever\u00e3o iniciar, nos pr\u00f3ximos dias, o processo de prospe\u00e7\u00e3o dos v\u00e1rios atletas angolanos que ...<\/p>\n","protected":false},"author":23,"featured_media":213588,"comment_status":"closed","ping_status":"closed","sticky":false,"template":"","format":"standard","meta":[],"categories":[145,125,164],"tags":[],"_links":{"self":[{"href":"https:\/\/rna.ao\/rna.ao\/wp-json\/wp\/v2\/posts\/215462"}],"collection":[{"href":"https:\/\/rna.ao\/rna.ao\/wp-json\/wp\/v2\/posts"}],"about":[{"href":"https:\/\/rna.ao\/rna.ao\/wp-json\/wp\/v2\/types\/post"}],"author":[{"embeddable":true,"href":"https:\/\/rna.ao\/rna.ao\/wp-json\/wp\/v2\/users\/23"}],"replies":[{"embeddable":true,"href":"https:\/\/rna.ao\/rna.ao\/wp-json\/wp\/v2\/comments?post=215462"}],"version-history":[{"count":1,"href":"https:\/\/rna.ao\/rna.ao\/wp-json\/wp\/v2\/posts\/215462\/revisions"}],"predecessor-version":[{"id":215465,"href":"https:\/\/rna.ao\/rna.ao\/wp-json\/wp\/v2\/posts\/215462\/revisions\/215465"}],"wp:featuredmedia":[{"embeddable":true,"href":"https:\/\/rna.ao\/rna.ao\/wp-json\/wp\/v2\/media\/213588"}],"wp:attachment":[{"href":"https:\/\/rna.ao\/rna.ao\/wp-json\/wp\/v2\/media?parent=215462"}],"wp:term":[{"taxonomy":"category","embeddable":true,"href":"https:\/\/rna.ao\/rna.ao\/wp-json\/wp\/v2\/categories?post=215462"},{"taxonomy":"post_tag","embeddable":true,"href":"https:\/\/rna.ao\/rna.ao\/wp-json\/wp\/v2\/tags?post=215462"}],"curies":[{"name":"wp","href":"https:\/\/api.w.org\/{rel}","templated":true}]}}