{"id":215457,"date":"2026-04-23T09:39:11","date_gmt":"2026-04-23T08:39:11","guid":{"rendered":"https:\/\/rna.ao\/rna.ao\/?p=215457"},"modified":"2026-04-23T09:39:11","modified_gmt":"2026-04-23T08:39:11","slug":"angola-gasta-mensalmente-mais-de-quarenta-mil-milhoes-de-kwanzas-com-despesas-de-proteccao-social","status":"publish","type":"post","link":"https:\/\/rna.ao\/rna.ao\/2026\/04\/23\/angola-gasta-mensalmente-mais-de-quarenta-mil-milhoes-de-kwanzas-com-despesas-de-proteccao-social\/","title":{"rendered":"Angola gasta mensalmente mais de quarenta mil milh\u00f5es de Kwanzas com despesas de protec\u00e7\u00e3o social"},"content":{"rendered":"<p><img loading=\"lazy\" class=\"wp-image-215459 alignleft\" src=\"https:\/\/rna.ao\/rna.ao\/wp-content\/uploads\/2026\/04\/kwanza.jpg\" alt=\"\" width=\"307\" height=\"221\" \/>O Estado angolano gasta mensalmente, mais de quarenta mil milh\u00f5es de Kwanzas com despesas de protec\u00e7\u00e3o social. O dado consta do novo boletim de estat\u00edstica de protec\u00e7\u00e3o social de Angola 2024\/2025, apresentado ontem, quarta-feira (22), em Luanda pelo Secret\u00e1rio de Estado para Trabalho e Seguran\u00e7a Social. Pedro Filipe fez saber que as contribui\u00e7\u00f5es sociais e as receitas dos impostos do sector p\u00fablico, t\u00eam sido as principais fontes de financiamento da despesa da protec\u00e7\u00e3o social. Clique no \u00e1udio abaixo e saiba mais com a jornalista Ma\u00edra Tavares:<\/p>\n\t<div class=\"qtmplayer-playlist-large\">\n\t\t<ul class=\"qtmplayer-playlist\">\n\t\t\t\n\t\t\t\t\t<li class=\"qtmplayer-trackitem\">\n\t\t<img src=\"https:\/\/rna.ao\/rna.ao\/wp-content\/uploads\/2026\/04\/kwanza-dinheiro-100x100.jpg\" alt=\"cover\">\t\t<span \t\t\tdata-qtmplayer-cover=\"https:\/\/rna.ao\/rna.ao\/wp-content\/uploads\/2026\/04\/kwanza-dinheiro-370x370.jpg\"\n\t\t\t\t\t\tdata-qtmplayer-file=\"https:\/\/rna.ao\/rna.ao\/wp-content\/uploads\/2026\/04\/MAIRA-TAVARES-07HRS.mp3\"\n\t\t\t\t\t\tdata-qtmplayer-title=\"Angola gasta mensalmente mais de quarenta mil milh\u00f5es de Kwanzas com despesas de protec\u00e7\u00e3o social\"\n\t\t\t\t\t\tdata-qtmplayer-artist=\"Ant\u00f3nio Augusto\"\n\t\t\t\t\t\tdata-qtmplayer-link=\"https:\/\/rna.ao\/rna.ao\/2026\/04\/23\/angola-gasta-mensalmente-mais-de-quarenta-mil-milhoes-de-kwanzas-com-despesas-de-proteccao-social\/\"\n\t\t\t\t\t\tdata-qtmplayer-icon=\"file_download\"\n\t\t\t\t\t\tdata-qtmplayer-type=\"track\"\n\t\t\t class=\"qtmplayer-play qtmplayer-link-sec qtmplayer-play-btn\"><i class='material-icons'>play_arrow<\/i><\/span>\n\t\t<p>\n\t\t\t<span class=\"qtmplayer-tit\">Angola gasta mensalmente mais de quarenta mil milh\u00f5es de Kwanzas com despesas de protec\u00e7\u00e3o social<\/span>\n\t\t\t<span class=\"qtmplayer-art\">Ant\u00f3nio Augusto<\/span>\n\t\t<\/p>\n\t<\/li>\n\t\t<\/ul>\n\t<\/div>\t\t\t\n\t\n","protected":false},"excerpt":{"rendered":"<p>O Estado angolano gasta mensalmente, mais de quarenta mil milh\u00f5es de Kwanzas com despesas de protec\u00e7\u00e3o social. O dado consta do novo boletim de estat\u00edstica de protec\u00e7\u00e3o social de Angola 2024\/2025, apresentado ontem, quarta-feira (22), em Luanda pelo Secret\u00e1rio de Estado para Trabalho e Seguran\u00e7a Social. Pedro Filipe fez saber ...<\/p>\n","protected":false},"author":23,"featured_media":215460,"comment_status":"closed","ping_status":"closed","sticky":false,"template":"","format":"standard","meta":[],"categories":[121,163],"tags":[],"_links":{"self":[{"href":"https:\/\/rna.ao\/rna.ao\/wp-json\/wp\/v2\/posts\/215457"}],"collection":[{"href":"https:\/\/rna.ao\/rna.ao\/wp-json\/wp\/v2\/posts"}],"about":[{"href":"https:\/\/rna.ao\/rna.ao\/wp-json\/wp\/v2\/types\/post"}],"author":[{"embeddable":true,"href":"https:\/\/rna.ao\/rna.ao\/wp-json\/wp\/v2\/users\/23"}],"replies":[{"embeddable":true,"href":"https:\/\/rna.ao\/rna.ao\/wp-json\/wp\/v2\/comments?post=215457"}],"version-history":[{"count":1,"href":"https:\/\/rna.ao\/rna.ao\/wp-json\/wp\/v2\/posts\/215457\/revisions"}],"predecessor-version":[{"id":215461,"href":"https:\/\/rna.ao\/rna.ao\/wp-json\/wp\/v2\/posts\/215457\/revisions\/215461"}],"wp:featuredmedia":[{"embeddable":true,"href":"https:\/\/rna.ao\/rna.ao\/wp-json\/wp\/v2\/media\/215460"}],"wp:attachment":[{"href":"https:\/\/rna.ao\/rna.ao\/wp-json\/wp\/v2\/media?parent=215457"}],"wp:term":[{"taxonomy":"category","embeddable":true,"href":"https:\/\/rna.ao\/rna.ao\/wp-json\/wp\/v2\/categories?post=215457"},{"taxonomy":"post_tag","embeddable":true,"href":"https:\/\/rna.ao\/rna.ao\/wp-json\/wp\/v2\/tags?post=215457"}],"curies":[{"name":"wp","href":"https:\/\/api.w.org\/{rel}","templated":true}]}}