{"id":215443,"date":"2026-04-23T09:23:06","date_gmt":"2026-04-23T08:23:06","guid":{"rendered":"https:\/\/rna.ao\/rna.ao\/?p=215443"},"modified":"2026-04-23T09:23:06","modified_gmt":"2026-04-23T08:23:06","slug":"lunda-sul-angola-conta-com-mais-um-projecto-mineiro-trata-se-da-sociedade-mineira-do-chiri","status":"publish","type":"post","link":"https:\/\/rna.ao\/rna.ao\/2026\/04\/23\/lunda-sul-angola-conta-com-mais-um-projecto-mineiro-trata-se-da-sociedade-mineira-do-chiri\/","title":{"rendered":"Lunda-Sul: Angola conta com mais um projecto mineiro. Trata-se da Sociedade Mineira do Chiri"},"content":{"rendered":"<p><img loading=\"lazy\" class=\"alignnone  wp-image-215447\" src=\"https:\/\/rna.ao\/rna.ao\/wp-content\/uploads\/2026\/04\/Diamantino-Pedro-Azevedo-e-Gildo-Matias-Jose-Sociedade-Mineira-do-Chiri-lunda-sul-2-770x548.jpg\" alt=\"\" width=\"393\" height=\"280\" srcset=\"https:\/\/rna.ao\/rna.ao\/wp-content\/uploads\/2026\/04\/Diamantino-Pedro-Azevedo-e-Gildo-Matias-Jose-Sociedade-Mineira-do-Chiri-lunda-sul-2-770x548.jpg 770w, https:\/\/rna.ao\/rna.ao\/wp-content\/uploads\/2026\/04\/Diamantino-Pedro-Azevedo-e-Gildo-Matias-Jose-Sociedade-Mineira-do-Chiri-lunda-sul-2-1170x833.jpg 1170w, https:\/\/rna.ao\/rna.ao\/wp-content\/uploads\/2026\/04\/Diamantino-Pedro-Azevedo-e-Gildo-Matias-Jose-Sociedade-Mineira-do-Chiri-lunda-sul-2-768x547.jpg 768w, https:\/\/rna.ao\/rna.ao\/wp-content\/uploads\/2026\/04\/Diamantino-Pedro-Azevedo-e-Gildo-Matias-Jose-Sociedade-Mineira-do-Chiri-lunda-sul-2.jpg 1280w\" sizes=\"(max-width: 393px) 100vw, 393px\" \/> <img loading=\"lazy\" class=\"alignnone  wp-image-215450\" src=\"https:\/\/rna.ao\/rna.ao\/wp-content\/uploads\/2026\/04\/Diamantino-Pedro-Azevedo-e-Gildo-Matias-Jose-Sociedade-Mineira-do-Chiri-lunda-sull-770x636.jpg\" alt=\"\" width=\"340\" height=\"280\" srcset=\"https:\/\/rna.ao\/rna.ao\/wp-content\/uploads\/2026\/04\/Diamantino-Pedro-Azevedo-e-Gildo-Matias-Jose-Sociedade-Mineira-do-Chiri-lunda-sull-770x636.jpg 770w, https:\/\/rna.ao\/rna.ao\/wp-content\/uploads\/2026\/04\/Diamantino-Pedro-Azevedo-e-Gildo-Matias-Jose-Sociedade-Mineira-do-Chiri-lunda-sull-1170x966.jpg 1170w, https:\/\/rna.ao\/rna.ao\/wp-content\/uploads\/2026\/04\/Diamantino-Pedro-Azevedo-e-Gildo-Matias-Jose-Sociedade-Mineira-do-Chiri-lunda-sull-768x634.jpg 768w, https:\/\/rna.ao\/rna.ao\/wp-content\/uploads\/2026\/04\/Diamantino-Pedro-Azevedo-e-Gildo-Matias-Jose-Sociedade-Mineira-do-Chiri-lunda-sull.jpg 1280w\" sizes=\"(max-width: 340px) 100vw, 340px\" \/><\/p>\n<p>O Ministro dos Recursos Minerais, Petr\u00f3leo e G\u00e1s inaugurou ontem, \u00a0quarta-feira (22), a Sociedade Mineira do Chiri, na Lunda-Sul. Na ocasi\u00e3o, Diamantino Azevedo, sublinhou que os projectos mineiros devem ser cada vez mais competitivos e impulsionadores do progresso nas prov\u00edncias onde est\u00e3o inseridos. Clique no \u00e1udio abaixo para obter mais informa\u00e7\u00e3o com o jornalista Dinis Armando:<\/p>\n\t<div class=\"qtmplayer-playlist-large\">\n\t\t<ul class=\"qtmplayer-playlist\">\n\t\t\t\n\t\t\t\t\t<li class=\"qtmplayer-trackitem\">\n\t\t<img src=\"https:\/\/rna.ao\/rna.ao\/wp-content\/uploads\/2026\/04\/Diamantino-Pedro-Azevedo-e-Gildo-Matias-Jose-Sociedade-Mineira-do-Chiri-lunda-sull-100x100.jpg\" alt=\"cover\">\t\t<span \t\t\tdata-qtmplayer-cover=\"https:\/\/rna.ao\/rna.ao\/wp-content\/uploads\/2026\/04\/Diamantino-Pedro-Azevedo-e-Gildo-Matias-Jose-Sociedade-Mineira-do-Chiri-lunda-sull-370x370.jpg\"\n\t\t\t\t\t\tdata-qtmplayer-file=\"https:\/\/rna.ao\/rna.ao\/wp-content\/uploads\/2026\/04\/LUNDA-SUL-MINERACAO-07HRS.mp3\"\n\t\t\t\t\t\tdata-qtmplayer-title=\"Lunda-Sul: Angola conta com mais um projecto mineiro. Trata-se da Sociedade Mineira do Chiri\"\n\t\t\t\t\t\tdata-qtmplayer-artist=\"Ant\u00f3nio Augusto\"\n\t\t\t\t\t\tdata-qtmplayer-link=\"https:\/\/rna.ao\/rna.ao\/2026\/04\/23\/lunda-sul-angola-conta-com-mais-um-projecto-mineiro-trata-se-da-sociedade-mineira-do-chiri\/\"\n\t\t\t\t\t\tdata-qtmplayer-icon=\"file_download\"\n\t\t\t\t\t\tdata-qtmplayer-type=\"track\"\n\t\t\t class=\"qtmplayer-play qtmplayer-link-sec qtmplayer-play-btn\"><i class='material-icons'>play_arrow<\/i><\/span>\n\t\t<p>\n\t\t\t<span class=\"qtmplayer-tit\">Lunda-Sul: Angola conta com mais um projecto mineiro. Trata-se da Sociedade Mineira do Chiri<\/span>\n\t\t\t<span class=\"qtmplayer-art\">Ant\u00f3nio Augusto<\/span>\n\t\t<\/p>\n\t<\/li>\n\t\t<\/ul>\n\t<\/div>\t\t\t\n\t\n","protected":false},"excerpt":{"rendered":"<p>O Ministro dos Recursos Minerais, Petr\u00f3leo e G\u00e1s inaugurou ontem, \u00a0quarta-feira (22), a Sociedade Mineira do Chiri, na Lunda-Sul. Na ocasi\u00e3o, Diamantino Azevedo, sublinhou que os projectos mineiros devem ser cada vez mais competitivos e impulsionadores do progresso nas prov\u00edncias onde est\u00e3o inseridos. Clique no \u00e1udio abaixo para obter mais ...<\/p>\n","protected":false},"author":23,"featured_media":215450,"comment_status":"closed","ping_status":"closed","sticky":false,"template":"","format":"standard","meta":[],"categories":[142,121,164,163],"tags":[],"_links":{"self":[{"href":"https:\/\/rna.ao\/rna.ao\/wp-json\/wp\/v2\/posts\/215443"}],"collection":[{"href":"https:\/\/rna.ao\/rna.ao\/wp-json\/wp\/v2\/posts"}],"about":[{"href":"https:\/\/rna.ao\/rna.ao\/wp-json\/wp\/v2\/types\/post"}],"author":[{"embeddable":true,"href":"https:\/\/rna.ao\/rna.ao\/wp-json\/wp\/v2\/users\/23"}],"replies":[{"embeddable":true,"href":"https:\/\/rna.ao\/rna.ao\/wp-json\/wp\/v2\/comments?post=215443"}],"version-history":[{"count":1,"href":"https:\/\/rna.ao\/rna.ao\/wp-json\/wp\/v2\/posts\/215443\/revisions"}],"predecessor-version":[{"id":215453,"href":"https:\/\/rna.ao\/rna.ao\/wp-json\/wp\/v2\/posts\/215443\/revisions\/215453"}],"wp:featuredmedia":[{"embeddable":true,"href":"https:\/\/rna.ao\/rna.ao\/wp-json\/wp\/v2\/media\/215450"}],"wp:attachment":[{"href":"https:\/\/rna.ao\/rna.ao\/wp-json\/wp\/v2\/media?parent=215443"}],"wp:term":[{"taxonomy":"category","embeddable":true,"href":"https:\/\/rna.ao\/rna.ao\/wp-json\/wp\/v2\/categories?post=215443"},{"taxonomy":"post_tag","embeddable":true,"href":"https:\/\/rna.ao\/rna.ao\/wp-json\/wp\/v2\/tags?post=215443"}],"curies":[{"name":"wp","href":"https:\/\/api.w.org\/{rel}","templated":true}]}}