{"id":21462,"date":"2021-04-16T07:46:05","date_gmt":"2021-04-16T06:46:05","guid":{"rendered":"https:\/\/rna.ao\/rna.ao\/?p=21462"},"modified":"2021-04-16T07:46:19","modified_gmt":"2021-04-16T06:46:19","slug":"a-africell-a-quarta-operadora-de-telefonia-movel-em-angola-comeca-funcionar-em-dezembro","status":"publish","type":"post","link":"https:\/\/rna.ao\/rna.ao\/2021\/04\/16\/a-africell-a-quarta-operadora-de-telefonia-movel-em-angola-comeca-funcionar-em-dezembro\/","title":{"rendered":"A Africell a quarta operadora de telefonia m\u00f3vel em Angola come\u00e7a funcionar em Dezembro"},"content":{"rendered":"<p><img loading=\"lazy\" class=\"size-full wp-image-21467 alignleft\" src=\"https:\/\/rna.ao\/rna.ao\/wp-content\/uploads\/2021\/04\/Africell-Angola.jpg\" alt=\"\" width=\"284\" height=\"194\" \/>A quarta operadora de telefonia m\u00f3vel \u201cAfricell\u201d come\u00e7a a funcionar em Dezembro, deste ano, no nosso pa\u00eds, com a cria\u00e7\u00e3o de mais de seis mil empregos a n\u00edvel nacional. Ou\u00e7a, abaixo, toda informa\u00e7\u00e3o com o jornalista Manuel Esperan\u00e7a:<\/p>\n\t<div class=\"qtmplayer-playlist-large\">\n\t\t<ul class=\"qtmplayer-playlist\">\n\t\t\t\n\t\t\t\t\t<li class=\"qtmplayer-trackitem\">\n\t\t<img src=\"https:\/\/rna.ao\/rna.ao\/wp-content\/uploads\/2021\/04\/Africell-Angola-100x100.jpg\" alt=\"cover\">\t\t<span \t\t\tdata-qtmplayer-cover=\"https:\/\/rna.ao\/rna.ao\/wp-content\/uploads\/2021\/04\/Africell-Angola.jpg\"\n\t\t\t\t\t\tdata-qtmplayer-file=\"https:\/\/rna.ao\/rna.ao\/wp-content\/uploads\/2021\/04\/MANUEL-ESPERANCA-AFRICELL.mp3\"\n\t\t\t\t\t\tdata-qtmplayer-title=\"A Africell a quarta operadora de telefonia m\u00f3vel em Angola come\u00e7a funcionar em Dezembro\"\n\t\t\t\t\t\tdata-qtmplayer-artist=\"RNA\"\n\t\t\t\t\t\tdata-qtmplayer-link=\"https:\/\/rna.ao\/rna.ao\/2021\/04\/16\/a-africell-a-quarta-operadora-de-telefonia-movel-em-angola-comeca-funcionar-em-dezembro\/\"\n\t\t\t\t\t\tdata-qtmplayer-icon=\"file_download\"\n\t\t\t\t\t\tdata-qtmplayer-type=\"track\"\n\t\t\t class=\"qtmplayer-play qtmplayer-link-sec qtmplayer-play-btn\"><i class='material-icons'>play_arrow<\/i><\/span>\n\t\t<p>\n\t\t\t<span class=\"qtmplayer-tit\">A Africell a quarta operadora de telefonia m\u00f3vel em Angola come\u00e7a funcionar em Dezembro<\/span>\n\t\t\t<span class=\"qtmplayer-art\">RNA<\/span>\n\t\t<\/p>\n\t<\/li>\n\t\t<\/ul>\n\t<\/div>\t\t\t\n\t\n<p>Fonte: RNA<\/p>\n","protected":false},"excerpt":{"rendered":"<p>A quarta operadora de telefonia m\u00f3vel \u201cAfricell\u201d come\u00e7a a funcionar em Dezembro, deste ano, no nosso pa\u00eds, com a cria\u00e7\u00e3o de mais de seis mil empregos a n\u00edvel nacional. Ou\u00e7a, abaixo, toda informa\u00e7\u00e3o com o jornalista Manuel Esperan\u00e7a: Fonte: RNA<\/p>\n","protected":false},"author":8,"featured_media":21467,"comment_status":"closed","ping_status":"closed","sticky":false,"template":"","format":"standard","meta":[],"categories":[121,163],"tags":[],"_links":{"self":[{"href":"https:\/\/rna.ao\/rna.ao\/wp-json\/wp\/v2\/posts\/21462"}],"collection":[{"href":"https:\/\/rna.ao\/rna.ao\/wp-json\/wp\/v2\/posts"}],"about":[{"href":"https:\/\/rna.ao\/rna.ao\/wp-json\/wp\/v2\/types\/post"}],"author":[{"embeddable":true,"href":"https:\/\/rna.ao\/rna.ao\/wp-json\/wp\/v2\/users\/8"}],"replies":[{"embeddable":true,"href":"https:\/\/rna.ao\/rna.ao\/wp-json\/wp\/v2\/comments?post=21462"}],"version-history":[{"count":2,"href":"https:\/\/rna.ao\/rna.ao\/wp-json\/wp\/v2\/posts\/21462\/revisions"}],"predecessor-version":[{"id":21469,"href":"https:\/\/rna.ao\/rna.ao\/wp-json\/wp\/v2\/posts\/21462\/revisions\/21469"}],"wp:featuredmedia":[{"embeddable":true,"href":"https:\/\/rna.ao\/rna.ao\/wp-json\/wp\/v2\/media\/21467"}],"wp:attachment":[{"href":"https:\/\/rna.ao\/rna.ao\/wp-json\/wp\/v2\/media?parent=21462"}],"wp:term":[{"taxonomy":"category","embeddable":true,"href":"https:\/\/rna.ao\/rna.ao\/wp-json\/wp\/v2\/categories?post=21462"},{"taxonomy":"post_tag","embeddable":true,"href":"https:\/\/rna.ao\/rna.ao\/wp-json\/wp\/v2\/tags?post=21462"}],"curies":[{"name":"wp","href":"https:\/\/api.w.org\/{rel}","templated":true}]}}