{"id":21455,"date":"2021-04-16T06:50:58","date_gmt":"2021-04-16T05:50:58","guid":{"rendered":"https:\/\/rna.ao\/rna.ao\/?p=21455"},"modified":"2021-04-16T06:50:58","modified_gmt":"2021-04-16T05:50:58","slug":"andebol-interclube-vence-1o-de-agosto-no-jogo-da-final-do-provincial-masculino","status":"publish","type":"post","link":"https:\/\/rna.ao\/rna.ao\/2021\/04\/16\/andebol-interclube-vence-1o-de-agosto-no-jogo-da-final-do-provincial-masculino\/","title":{"rendered":"Andebol: Interclube vence 1\u00ba de Agosto no jogo da final do provincial masculino"},"content":{"rendered":"<p><img loading=\"lazy\" class=\"size-full wp-image-21458 alignleft\" src=\"https:\/\/rna.ao\/rna.ao\/wp-content\/uploads\/2021\/04\/Interclube-vs-1o-de-Agosto-.-andebol.jpg\" alt=\"\" width=\"275\" height=\"183\" \/>A forma\u00e7\u00e3o de andebol s\u00e9nior masculina do Interclube acabou quinta-feira, 15 de Abril, vitoriosa, no jogo da final do campeonato provincial da modalidade, diante do Clube Desportivo 1\u00ba de Agosto, por (28 \u2013 18), quando ao intervalo j\u00e1 vencia por (11 &#8211; 9). O treinador da forma\u00e7\u00e3o interclube, Jos\u00e9 Pereira Kid\u00f3, ficou satisfeito com o triunfo conseguido pelos seus pupilos. Clique no \u00e1udio e ou\u00e7a:<\/p>\n\t<div class=\"qtmplayer-playlist-large\">\n\t\t<ul class=\"qtmplayer-playlist\">\n\t\t\t\n\t\t\t\t\t<li class=\"qtmplayer-trackitem\">\n\t\t<img src=\"https:\/\/rna.ao\/rna.ao\/wp-content\/uploads\/2021\/04\/Interclube-vs-1o-de-Agosto-.-andebol-100x100.jpg\" alt=\"cover\">\t\t<span \t\t\tdata-qtmplayer-cover=\"https:\/\/rna.ao\/rna.ao\/wp-content\/uploads\/2021\/04\/Interclube-vs-1o-de-Agosto-.-andebol.jpg\"\n\t\t\t\t\t\tdata-qtmplayer-file=\"https:\/\/rna.ao\/rna.ao\/wp-content\/uploads\/2021\/04\/JOSE-PEREIRA-KIDO-ANDEBOL.mp3\"\n\t\t\t\t\t\tdata-qtmplayer-title=\"Andebol: Interclube vence 1\u00ba de Agosto no jogo da final do provincial masculino\"\n\t\t\t\t\t\tdata-qtmplayer-artist=\"RNA\"\n\t\t\t\t\t\tdata-qtmplayer-link=\"https:\/\/rna.ao\/rna.ao\/2021\/04\/16\/andebol-interclube-vence-1o-de-agosto-no-jogo-da-final-do-provincial-masculino\/\"\n\t\t\t\t\t\tdata-qtmplayer-icon=\"file_download\"\n\t\t\t\t\t\tdata-qtmplayer-type=\"track\"\n\t\t\t class=\"qtmplayer-play qtmplayer-link-sec qtmplayer-play-btn\"><i class='material-icons'>play_arrow<\/i><\/span>\n\t\t<p>\n\t\t\t<span class=\"qtmplayer-tit\">Andebol: Interclube vence 1\u00ba de Agosto no jogo da final do provincial masculino<\/span>\n\t\t\t<span class=\"qtmplayer-art\">RNA<\/span>\n\t\t<\/p>\n\t<\/li>\n\t\t<\/ul>\n\t<\/div>\t\t\t\n\t\n<p>Por sua vez, Filipe Cruz, o treinador principal do Clube Desportivo 1\u00ba de Agosto, rendeu-se \u00e0s evid\u00eancias e justifica a derrota, com o pouco per\u00edodo de trabalho, que considera determinante. Clique no \u00e1udio e ou\u00e7a:<\/p>\n\t<div class=\"qtmplayer-playlist-large\">\n\t\t<ul class=\"qtmplayer-playlist\">\n\t\t\t\n\t\t\t\t\t<li class=\"qtmplayer-trackitem\">\n\t\t<img src=\"https:\/\/rna.ao\/rna.ao\/wp-content\/uploads\/2021\/04\/Interclube-vs-1o-de-Agosto-.-andebol-100x100.jpg\" alt=\"cover\">\t\t<span \t\t\tdata-qtmplayer-cover=\"https:\/\/rna.ao\/rna.ao\/wp-content\/uploads\/2021\/04\/Interclube-vs-1o-de-Agosto-.-andebol.jpg\"\n\t\t\t\t\t\tdata-qtmplayer-file=\"https:\/\/rna.ao\/rna.ao\/wp-content\/uploads\/2021\/04\/FILIPE-CRUZ-ANDEBOL.mp3\"\n\t\t\t\t\t\tdata-qtmplayer-title=\"Andebol: Interclube vence 1\u00ba de Agosto no jogo da final do provincial masculino\"\n\t\t\t\t\t\tdata-qtmplayer-artist=\"RNA\"\n\t\t\t\t\t\tdata-qtmplayer-link=\"https:\/\/rna.ao\/rna.ao\/2021\/04\/16\/andebol-interclube-vence-1o-de-agosto-no-jogo-da-final-do-provincial-masculino\/\"\n\t\t\t\t\t\tdata-qtmplayer-icon=\"file_download\"\n\t\t\t\t\t\tdata-qtmplayer-type=\"track\"\n\t\t\t class=\"qtmplayer-play qtmplayer-link-sec qtmplayer-play-btn\"><i class='material-icons'>play_arrow<\/i><\/span>\n\t\t<p>\n\t\t\t<span class=\"qtmplayer-tit\">Andebol: Interclube vence 1\u00ba de Agosto no jogo da final do provincial masculino<\/span>\n\t\t\t<span class=\"qtmplayer-art\">RNA<\/span>\n\t\t<\/p>\n\t<\/li>\n\t\t<\/ul>\n\t<\/div>\t\t\t\n\t\n<p>Fonte: R\u00e1dio 5\/RNA<\/p>\n","protected":false},"excerpt":{"rendered":"<p>A forma\u00e7\u00e3o de andebol s\u00e9nior masculina do Interclube acabou quinta-feira, 15 de Abril, vitoriosa, no jogo da final do campeonato provincial da modalidade, diante do Clube Desportivo 1\u00ba de Agosto, por (28 \u2013 18), quando ao intervalo j\u00e1 vencia por (11 &#8211; 9). O treinador da forma\u00e7\u00e3o interclube, Jos\u00e9 Pereira ...<\/p>\n","protected":false},"author":8,"featured_media":21458,"comment_status":"closed","ping_status":"closed","sticky":false,"template":"","format":"standard","meta":[],"categories":[145,125,164],"tags":[],"_links":{"self":[{"href":"https:\/\/rna.ao\/rna.ao\/wp-json\/wp\/v2\/posts\/21455"}],"collection":[{"href":"https:\/\/rna.ao\/rna.ao\/wp-json\/wp\/v2\/posts"}],"about":[{"href":"https:\/\/rna.ao\/rna.ao\/wp-json\/wp\/v2\/types\/post"}],"author":[{"embeddable":true,"href":"https:\/\/rna.ao\/rna.ao\/wp-json\/wp\/v2\/users\/8"}],"replies":[{"embeddable":true,"href":"https:\/\/rna.ao\/rna.ao\/wp-json\/wp\/v2\/comments?post=21455"}],"version-history":[{"count":1,"href":"https:\/\/rna.ao\/rna.ao\/wp-json\/wp\/v2\/posts\/21455\/revisions"}],"predecessor-version":[{"id":21461,"href":"https:\/\/rna.ao\/rna.ao\/wp-json\/wp\/v2\/posts\/21455\/revisions\/21461"}],"wp:featuredmedia":[{"embeddable":true,"href":"https:\/\/rna.ao\/rna.ao\/wp-json\/wp\/v2\/media\/21458"}],"wp:attachment":[{"href":"https:\/\/rna.ao\/rna.ao\/wp-json\/wp\/v2\/media?parent=21455"}],"wp:term":[{"taxonomy":"category","embeddable":true,"href":"https:\/\/rna.ao\/rna.ao\/wp-json\/wp\/v2\/categories?post=21455"},{"taxonomy":"post_tag","embeddable":true,"href":"https:\/\/rna.ao\/rna.ao\/wp-json\/wp\/v2\/tags?post=21455"}],"curies":[{"name":"wp","href":"https:\/\/api.w.org\/{rel}","templated":true}]}}