{"id":21448,"date":"2021-04-16T06:44:36","date_gmt":"2021-04-16T05:44:36","guid":{"rendered":"https:\/\/rna.ao\/rna.ao\/?p=21448"},"modified":"2021-04-16T06:44:36","modified_gmt":"2021-04-16T05:44:36","slug":"o-foco-total-agora-e-na-final-para-podermos-vencer-a-epoca-jose-neto","status":"publish","type":"post","link":"https:\/\/rna.ao\/rna.ao\/2021\/04\/16\/o-foco-total-agora-e-na-final-para-podermos-vencer-a-epoca-jose-neto\/","title":{"rendered":"\u201cO foco total agora \u00e9 na final, para podermos vencer a \u00e9poca\u201d, Jos\u00e9 Neto"},"content":{"rendered":"<p><img loading=\"lazy\" class=\"size-full wp-image-21453 alignleft\" src=\"https:\/\/rna.ao\/rna.ao\/wp-content\/uploads\/2021\/04\/Jose-Neto-bom.jpg\" alt=\"\" width=\"272\" height=\"237\" \/>O treinador principal da equipa de basquetebol do Atl\u00e9tico Petr\u00f3leos de Luanda, Jos\u00e9 Neto, congratulou-se com o desempenho dos seus pupilos, no jogo que venceram a equipa B tricolor.<\/p>\n<p>Jos\u00e9 Neto teceu tais pronunciamentos quinta-feira, 15 de Abril, no final da partida em que, mais uma vez atingira a chapa cem no nacional da bola ao cesto. Clique no \u00e1udio e ou\u00e7a:<\/p>\n\t<div class=\"qtmplayer-playlist-large\">\n\t\t<ul class=\"qtmplayer-playlist\">\n\t\t\t\n\t\t\t\t\t<li class=\"qtmplayer-trackitem\">\n\t\t<img src=\"https:\/\/rna.ao\/rna.ao\/wp-content\/uploads\/2021\/04\/Jose-Neto-bom-100x100.jpg\" alt=\"cover\">\t\t<span \t\t\tdata-qtmplayer-cover=\"https:\/\/rna.ao\/rna.ao\/wp-content\/uploads\/2021\/04\/Jose-Neto-bom.jpg\"\n\t\t\t\t\t\tdata-qtmplayer-file=\"https:\/\/rna.ao\/rna.ao\/wp-content\/uploads\/2021\/04\/JOSE-NETO-BASQUETEBOL.mp3\"\n\t\t\t\t\t\tdata-qtmplayer-title=\"\u201cO foco total agora \u00e9 na final, para podermos vencer a \u00e9poca\u201d, Jos\u00e9 Neto\"\n\t\t\t\t\t\tdata-qtmplayer-artist=\"RNA\"\n\t\t\t\t\t\tdata-qtmplayer-link=\"https:\/\/rna.ao\/rna.ao\/2021\/04\/16\/o-foco-total-agora-e-na-final-para-podermos-vencer-a-epoca-jose-neto\/\"\n\t\t\t\t\t\tdata-qtmplayer-icon=\"file_download\"\n\t\t\t\t\t\tdata-qtmplayer-type=\"track\"\n\t\t\t class=\"qtmplayer-play qtmplayer-link-sec qtmplayer-play-btn\"><i class='material-icons'>play_arrow<\/i><\/span>\n\t\t<p>\n\t\t\t<span class=\"qtmplayer-tit\">\u201cO foco total agora \u00e9 na final, para podermos vencer a \u00e9poca\u201d, Jos\u00e9 Neto<\/span>\n\t\t\t<span class=\"qtmplayer-art\">RNA<\/span>\n\t\t<\/p>\n\t<\/li>\n\t\t<\/ul>\n\t<\/div>\t\t\t\n\t\n<p>Fonte: R\u00e1dio 5\/RNA<\/p>\n","protected":false},"excerpt":{"rendered":"<p>O treinador principal da equipa de basquetebol do Atl\u00e9tico Petr\u00f3leos de Luanda, Jos\u00e9 Neto, congratulou-se com o desempenho dos seus pupilos, no jogo que venceram a equipa B tricolor. Jos\u00e9 Neto teceu tais pronunciamentos quinta-feira, 15 de Abril, no final da partida em que, mais uma vez atingira a chapa ...<\/p>\n","protected":false},"author":8,"featured_media":21453,"comment_status":"closed","ping_status":"closed","sticky":false,"template":"","format":"standard","meta":[],"categories":[145,125,164],"tags":[],"_links":{"self":[{"href":"https:\/\/rna.ao\/rna.ao\/wp-json\/wp\/v2\/posts\/21448"}],"collection":[{"href":"https:\/\/rna.ao\/rna.ao\/wp-json\/wp\/v2\/posts"}],"about":[{"href":"https:\/\/rna.ao\/rna.ao\/wp-json\/wp\/v2\/types\/post"}],"author":[{"embeddable":true,"href":"https:\/\/rna.ao\/rna.ao\/wp-json\/wp\/v2\/users\/8"}],"replies":[{"embeddable":true,"href":"https:\/\/rna.ao\/rna.ao\/wp-json\/wp\/v2\/comments?post=21448"}],"version-history":[{"count":1,"href":"https:\/\/rna.ao\/rna.ao\/wp-json\/wp\/v2\/posts\/21448\/revisions"}],"predecessor-version":[{"id":21454,"href":"https:\/\/rna.ao\/rna.ao\/wp-json\/wp\/v2\/posts\/21448\/revisions\/21454"}],"wp:featuredmedia":[{"embeddable":true,"href":"https:\/\/rna.ao\/rna.ao\/wp-json\/wp\/v2\/media\/21453"}],"wp:attachment":[{"href":"https:\/\/rna.ao\/rna.ao\/wp-json\/wp\/v2\/media?parent=21448"}],"wp:term":[{"taxonomy":"category","embeddable":true,"href":"https:\/\/rna.ao\/rna.ao\/wp-json\/wp\/v2\/categories?post=21448"},{"taxonomy":"post_tag","embeddable":true,"href":"https:\/\/rna.ao\/rna.ao\/wp-json\/wp\/v2\/tags?post=21448"}],"curies":[{"name":"wp","href":"https:\/\/api.w.org\/{rel}","templated":true}]}}