{"id":21443,"date":"2021-04-16T06:38:08","date_gmt":"2021-04-16T05:38:08","guid":{"rendered":"https:\/\/rna.ao\/rna.ao\/?p=21443"},"modified":"2021-04-16T06:38:08","modified_gmt":"2021-04-16T05:38:08","slug":"agora-vamos-esperar-por-sabado-o-dia-d-raul-duarte","status":"publish","type":"post","link":"https:\/\/rna.ao\/rna.ao\/2021\/04\/16\/agora-vamos-esperar-por-sabado-o-dia-d-raul-duarte\/","title":{"rendered":"\u201cAgora vamos esperar por s\u00e1bado o dia D\u201d, Raul Duarte"},"content":{"rendered":"<p><img loading=\"lazy\" class=\"size-full wp-image-21446 alignleft\" src=\"https:\/\/rna.ao\/rna.ao\/wp-content\/uploads\/2021\/04\/Raul-Duarte-2.jpg\" alt=\"\" width=\"275\" height=\"183\" \/>O treinador principal da equipa s\u00e9nior masculina de basquetebol do Interclube, Raul Duarte, disse que um dos objectivos principais do clube era for\u00e7ar o terceiro jogo, agora, e garantir a presen\u00e7a na final do nacional da \u201cbola ao cesto\u201d. Raul Duarte afirmou tal facto quinta-feira, 15 de Abril, no final do jogo em que o Interclube venceu o Clube Desportivo 1\u00ba de Agosto, por (76 \u2013 69). Clique no \u00e1udio e ou\u00e7a:<\/p>\n\t<div class=\"qtmplayer-playlist-large\">\n\t\t<ul class=\"qtmplayer-playlist\">\n\t\t\t\n\t\t\t\t\t<li class=\"qtmplayer-trackitem\">\n\t\t<img src=\"https:\/\/rna.ao\/rna.ao\/wp-content\/uploads\/2021\/04\/Raul-Duarte-2-100x100.jpg\" alt=\"cover\">\t\t<span \t\t\tdata-qtmplayer-cover=\"https:\/\/rna.ao\/rna.ao\/wp-content\/uploads\/2021\/04\/Raul-Duarte-2.jpg\"\n\t\t\t\t\t\tdata-qtmplayer-file=\"https:\/\/rna.ao\/rna.ao\/wp-content\/uploads\/2021\/04\/RAUL-DUARTE-BASQUETEBOL.mp3\"\n\t\t\t\t\t\tdata-qtmplayer-title=\"\u201cAgora vamos esperar por s\u00e1bado o dia D\u201d, Raul Duarte\"\n\t\t\t\t\t\tdata-qtmplayer-artist=\"RNA\"\n\t\t\t\t\t\tdata-qtmplayer-link=\"https:\/\/rna.ao\/rna.ao\/2021\/04\/16\/agora-vamos-esperar-por-sabado-o-dia-d-raul-duarte\/\"\n\t\t\t\t\t\tdata-qtmplayer-icon=\"file_download\"\n\t\t\t\t\t\tdata-qtmplayer-type=\"track\"\n\t\t\t class=\"qtmplayer-play qtmplayer-link-sec qtmplayer-play-btn\"><i class='material-icons'>play_arrow<\/i><\/span>\n\t\t<p>\n\t\t\t<span class=\"qtmplayer-tit\">\u201cAgora vamos esperar por s\u00e1bado o dia D\u201d, Raul Duarte<\/span>\n\t\t\t<span class=\"qtmplayer-art\">RNA<\/span>\n\t\t<\/p>\n\t<\/li>\n\t\t<\/ul>\n\t<\/div>\t\t\t\n\t\n<p>Fonte: R\u00e1dio 5\/RNA<\/p>\n","protected":false},"excerpt":{"rendered":"<p>O treinador principal da equipa s\u00e9nior masculina de basquetebol do Interclube, Raul Duarte, disse que um dos objectivos principais do clube era for\u00e7ar o terceiro jogo, agora, e garantir a presen\u00e7a na final do nacional da \u201cbola ao cesto\u201d. Raul Duarte afirmou tal facto quinta-feira, 15 de Abril, no final ...<\/p>\n","protected":false},"author":8,"featured_media":21446,"comment_status":"closed","ping_status":"closed","sticky":false,"template":"","format":"standard","meta":[],"categories":[145,125,164],"tags":[],"_links":{"self":[{"href":"https:\/\/rna.ao\/rna.ao\/wp-json\/wp\/v2\/posts\/21443"}],"collection":[{"href":"https:\/\/rna.ao\/rna.ao\/wp-json\/wp\/v2\/posts"}],"about":[{"href":"https:\/\/rna.ao\/rna.ao\/wp-json\/wp\/v2\/types\/post"}],"author":[{"embeddable":true,"href":"https:\/\/rna.ao\/rna.ao\/wp-json\/wp\/v2\/users\/8"}],"replies":[{"embeddable":true,"href":"https:\/\/rna.ao\/rna.ao\/wp-json\/wp\/v2\/comments?post=21443"}],"version-history":[{"count":1,"href":"https:\/\/rna.ao\/rna.ao\/wp-json\/wp\/v2\/posts\/21443\/revisions"}],"predecessor-version":[{"id":21447,"href":"https:\/\/rna.ao\/rna.ao\/wp-json\/wp\/v2\/posts\/21443\/revisions\/21447"}],"wp:featuredmedia":[{"embeddable":true,"href":"https:\/\/rna.ao\/rna.ao\/wp-json\/wp\/v2\/media\/21446"}],"wp:attachment":[{"href":"https:\/\/rna.ao\/rna.ao\/wp-json\/wp\/v2\/media?parent=21443"}],"wp:term":[{"taxonomy":"category","embeddable":true,"href":"https:\/\/rna.ao\/rna.ao\/wp-json\/wp\/v2\/categories?post=21443"},{"taxonomy":"post_tag","embeddable":true,"href":"https:\/\/rna.ao\/rna.ao\/wp-json\/wp\/v2\/tags?post=21443"}],"curies":[{"name":"wp","href":"https:\/\/api.w.org\/{rel}","templated":true}]}}