{"id":21431,"date":"2021-04-16T04:41:43","date_gmt":"2021-04-16T03:41:43","guid":{"rendered":"https:\/\/rna.ao\/rna.ao\/?p=21431"},"modified":"2021-04-16T05:16:56","modified_gmt":"2021-04-16T04:16:56","slug":"ine-apresentou-contas-nacionais-e-pib-referente-ao-4o-trimestre-de-2020","status":"publish","type":"post","link":"https:\/\/rna.ao\/rna.ao\/2021\/04\/16\/ine-apresentou-contas-nacionais-e-pib-referente-ao-4o-trimestre-de-2020\/","title":{"rendered":"INE apresentou contas nacionais e PIB referente ao 4\u00ba trimestre de 2020"},"content":{"rendered":"<p><img loading=\"lazy\" class=\"size-full wp-image-10839 alignleft\" src=\"https:\/\/rna.ao\/rna.ao\/wp-content\/uploads\/2020\/11\/INE-edificio.jpg\" alt=\"\" width=\"300\" height=\"200\" \/>O Instituto Nacional de Estat\u00edstica (INE) apresentou quinta-feira, 15 de Abril, em Luanda, a folha de informa\u00e7\u00e3o r\u00e1pida das Contas Nacionais, e do Produto Interno Bruto (PIB) referente ao quarto trimestre do ano de 2020.<\/p>\n<p>Com este documento, as institui\u00e7\u00f5es respons\u00e1veis para as projec\u00e7\u00f5es do desempenho da economia angolana, t\u00eam \u00e0 disposi\u00e7\u00e3o informa\u00e7\u00f5es privilegiadas, para a apresenta\u00e7\u00e3o de dados sobre as Contas Nacionais e o PIB.<\/p>\n<p>De acordo com a directora-geral adjunta do Instituto Nacional de Estat\u00edstica, An\u00e1lia Nunda Prata, os resultados do quarto trimestre de 2020 mostram um crescimento de 0,6 por cento, comparativamente ao trimestre hom\u00f3logo do mesmo ano. Clique no \u00e1udio, abaixo, e ou\u00e7a com mais desenvolvimento na reportagem da Teresa Bai\u00e3o:<\/p>\n\t<div class=\"qtmplayer-playlist-large\">\n\t\t<ul class=\"qtmplayer-playlist\">\n\t\t\t\n\t\t\t\t\t<li class=\"qtmplayer-trackitem\">\n\t\t<img src=\"https:\/\/rna.ao\/rna.ao\/wp-content\/uploads\/2020\/11\/INE-edificio-100x100.jpg\" alt=\"cover\">\t\t<span \t\t\tdata-qtmplayer-cover=\"https:\/\/rna.ao\/rna.ao\/wp-content\/uploads\/2020\/11\/INE-edificio.jpg\"\n\t\t\t\t\t\tdata-qtmplayer-file=\"https:\/\/rna.ao\/rna.ao\/wp-content\/uploads\/2021\/04\/TERESA-BAIAO-16-04.mp3\"\n\t\t\t\t\t\tdata-qtmplayer-title=\"INE apresentou contas nacionais e PIB referente ao 4\u00ba trimestre de 2020\"\n\t\t\t\t\t\tdata-qtmplayer-artist=\"RNA\"\n\t\t\t\t\t\tdata-qtmplayer-link=\"https:\/\/rna.ao\/rna.ao\/2021\/04\/16\/ine-apresentou-contas-nacionais-e-pib-referente-ao-4o-trimestre-de-2020\/\"\n\t\t\t\t\t\tdata-qtmplayer-icon=\"file_download\"\n\t\t\t\t\t\tdata-qtmplayer-type=\"track\"\n\t\t\t class=\"qtmplayer-play qtmplayer-link-sec qtmplayer-play-btn\"><i class='material-icons'>play_arrow<\/i><\/span>\n\t\t<p>\n\t\t\t<span class=\"qtmplayer-tit\">INE apresentou contas nacionais e PIB referente ao 4\u00ba trimestre de 2020<\/span>\n\t\t\t<span class=\"qtmplayer-art\">RNA<\/span>\n\t\t<\/p>\n\t<\/li>\n\t\t<\/ul>\n\t<\/div>\t\t\t\n\t\n<p>Fonte: RNA<\/p>\n","protected":false},"excerpt":{"rendered":"<p>O Instituto Nacional de Estat\u00edstica (INE) apresentou quinta-feira, 15 de Abril, em Luanda, a folha de informa\u00e7\u00e3o r\u00e1pida das Contas Nacionais, e do Produto Interno Bruto (PIB) referente ao quarto trimestre do ano de 2020. Com este documento, as institui\u00e7\u00f5es respons\u00e1veis para as projec\u00e7\u00f5es do desempenho da economia angolana, t\u00eam ...<\/p>\n","protected":false},"author":8,"featured_media":10839,"comment_status":"closed","ping_status":"closed","sticky":false,"template":"","format":"standard","meta":[],"categories":[142,121,163],"tags":[],"_links":{"self":[{"href":"https:\/\/rna.ao\/rna.ao\/wp-json\/wp\/v2\/posts\/21431"}],"collection":[{"href":"https:\/\/rna.ao\/rna.ao\/wp-json\/wp\/v2\/posts"}],"about":[{"href":"https:\/\/rna.ao\/rna.ao\/wp-json\/wp\/v2\/types\/post"}],"author":[{"embeddable":true,"href":"https:\/\/rna.ao\/rna.ao\/wp-json\/wp\/v2\/users\/8"}],"replies":[{"embeddable":true,"href":"https:\/\/rna.ao\/rna.ao\/wp-json\/wp\/v2\/comments?post=21431"}],"version-history":[{"count":1,"href":"https:\/\/rna.ao\/rna.ao\/wp-json\/wp\/v2\/posts\/21431\/revisions"}],"predecessor-version":[{"id":21433,"href":"https:\/\/rna.ao\/rna.ao\/wp-json\/wp\/v2\/posts\/21431\/revisions\/21433"}],"wp:featuredmedia":[{"embeddable":true,"href":"https:\/\/rna.ao\/rna.ao\/wp-json\/wp\/v2\/media\/10839"}],"wp:attachment":[{"href":"https:\/\/rna.ao\/rna.ao\/wp-json\/wp\/v2\/media?parent=21431"}],"wp:term":[{"taxonomy":"category","embeddable":true,"href":"https:\/\/rna.ao\/rna.ao\/wp-json\/wp\/v2\/categories?post=21431"},{"taxonomy":"post_tag","embeddable":true,"href":"https:\/\/rna.ao\/rna.ao\/wp-json\/wp\/v2\/tags?post=21431"}],"curies":[{"name":"wp","href":"https:\/\/api.w.org\/{rel}","templated":true}]}}