{"id":21425,"date":"2021-04-16T04:46:27","date_gmt":"2021-04-16T03:46:27","guid":{"rendered":"https:\/\/rna.ao\/rna.ao\/?p=21425"},"modified":"2021-04-16T04:46:27","modified_gmt":"2021-04-16T03:46:27","slug":"presidente-joao-lourenco-testemunha-hoje-investidura-de-sassou-nguesso-ao-cargo-de-chefe-de-estado-do-congo","status":"publish","type":"post","link":"https:\/\/rna.ao\/rna.ao\/2021\/04\/16\/presidente-joao-lourenco-testemunha-hoje-investidura-de-sassou-nguesso-ao-cargo-de-chefe-de-estado-do-congo\/","title":{"rendered":"Presidente Jo\u00e3o Louren\u00e7o testemunha hoje investidura de Sassou Nguesso ao cargo de Chefe de Estado do Congo"},"content":{"rendered":"<p><img loading=\"lazy\" class=\"size-full wp-image-10950 alignleft\" src=\"https:\/\/rna.ao\/rna.ao\/wp-content\/uploads\/2020\/11\/JLO-PR-9.jpg\" alt=\"\" width=\"240\" height=\"135\" \/>O Presidente da Rep\u00fablica, Jo\u00e3o Louren\u00e7o, deixa esta manh\u00e3 de sexta-feira, 16 de Abril, a capital Luanda, com destino a vizinha Rep\u00fablica do Congo Brazzaville.<\/p>\n<p>Segundo o porta-voz do Presidente da Rep\u00fablica, Lu\u00eds Fernando, o Chefe de Estado vai participar na cerim\u00f3nia de investidura do Presidente Denis Sassou Nguesso. Clique no \u00e1udio e ou\u00e7a:<\/p>\n\t<div class=\"qtmplayer-playlist-large\">\n\t\t<ul class=\"qtmplayer-playlist\">\n\t\t\t\n\t\t\t\t\t<li class=\"qtmplayer-trackitem\">\n\t\t<img src=\"https:\/\/rna.ao\/rna.ao\/wp-content\/uploads\/2020\/11\/JLO-PR-9-100x100.jpg\" alt=\"cover\">\t\t<span \t\t\tdata-qtmplayer-cover=\"https:\/\/rna.ao\/rna.ao\/wp-content\/uploads\/2020\/11\/JLO-PR-9.jpg\"\n\t\t\t\t\t\tdata-qtmplayer-file=\"https:\/\/rna.ao\/rna.ao\/wp-content\/uploads\/2021\/04\/LUIS-FERNANDO-16-04.mp3\"\n\t\t\t\t\t\tdata-qtmplayer-title=\"Presidente Jo\u00e3o Louren\u00e7o testemunha hoje investidura de Sassou Nguesso ao cargo de Chefe de Estado do Congo\"\n\t\t\t\t\t\tdata-qtmplayer-artist=\"RNA\"\n\t\t\t\t\t\tdata-qtmplayer-link=\"https:\/\/rna.ao\/rna.ao\/2021\/04\/16\/presidente-joao-lourenco-testemunha-hoje-investidura-de-sassou-nguesso-ao-cargo-de-chefe-de-estado-do-congo\/\"\n\t\t\t\t\t\tdata-qtmplayer-icon=\"file_download\"\n\t\t\t\t\t\tdata-qtmplayer-type=\"track\"\n\t\t\t class=\"qtmplayer-play qtmplayer-link-sec qtmplayer-play-btn\"><i class='material-icons'>play_arrow<\/i><\/span>\n\t\t<p>\n\t\t\t<span class=\"qtmplayer-tit\">Presidente Jo\u00e3o Louren\u00e7o testemunha hoje investidura de Sassou Nguesso ao cargo de Chefe de Estado do Congo<\/span>\n\t\t\t<span class=\"qtmplayer-art\">RNA<\/span>\n\t\t<\/p>\n\t<\/li>\n\t\t<\/ul>\n\t<\/div>\t\t\t\n\t\n<p>Fonte: RNA<\/p>\n","protected":false},"excerpt":{"rendered":"<p>O Presidente da Rep\u00fablica, Jo\u00e3o Louren\u00e7o, deixa esta manh\u00e3 de sexta-feira, 16 de Abril, a capital Luanda, com destino a vizinha Rep\u00fablica do Congo Brazzaville. Segundo o porta-voz do Presidente da Rep\u00fablica, Lu\u00eds Fernando, o Chefe de Estado vai participar na cerim\u00f3nia de investidura do Presidente Denis Sassou Nguesso. Clique ...<\/p>\n","protected":false},"author":8,"featured_media":10950,"comment_status":"closed","ping_status":"closed","sticky":false,"template":"","format":"standard","meta":[],"categories":[142,121,163],"tags":[],"_links":{"self":[{"href":"https:\/\/rna.ao\/rna.ao\/wp-json\/wp\/v2\/posts\/21425"}],"collection":[{"href":"https:\/\/rna.ao\/rna.ao\/wp-json\/wp\/v2\/posts"}],"about":[{"href":"https:\/\/rna.ao\/rna.ao\/wp-json\/wp\/v2\/types\/post"}],"author":[{"embeddable":true,"href":"https:\/\/rna.ao\/rna.ao\/wp-json\/wp\/v2\/users\/8"}],"replies":[{"embeddable":true,"href":"https:\/\/rna.ao\/rna.ao\/wp-json\/wp\/v2\/comments?post=21425"}],"version-history":[{"count":1,"href":"https:\/\/rna.ao\/rna.ao\/wp-json\/wp\/v2\/posts\/21425\/revisions"}],"predecessor-version":[{"id":21427,"href":"https:\/\/rna.ao\/rna.ao\/wp-json\/wp\/v2\/posts\/21425\/revisions\/21427"}],"wp:featuredmedia":[{"embeddable":true,"href":"https:\/\/rna.ao\/rna.ao\/wp-json\/wp\/v2\/media\/10950"}],"wp:attachment":[{"href":"https:\/\/rna.ao\/rna.ao\/wp-json\/wp\/v2\/media?parent=21425"}],"wp:term":[{"taxonomy":"category","embeddable":true,"href":"https:\/\/rna.ao\/rna.ao\/wp-json\/wp\/v2\/categories?post=21425"},{"taxonomy":"post_tag","embeddable":true,"href":"https:\/\/rna.ao\/rna.ao\/wp-json\/wp\/v2\/tags?post=21425"}],"curies":[{"name":"wp","href":"https:\/\/api.w.org\/{rel}","templated":true}]}}