{"id":21411,"date":"2021-04-15T16:15:52","date_gmt":"2021-04-15T15:15:52","guid":{"rendered":"https:\/\/rna.ao\/rna.ao\/?p=21411"},"modified":"2021-04-16T07:32:27","modified_gmt":"2021-04-16T06:32:27","slug":"emissao-de-alvaras-comerciais-fica-mais-simplificado-e-isenta-areas-consideradas-de-baixo-risco-de-saude-humana-e-animal","status":"publish","type":"post","link":"https:\/\/rna.ao\/rna.ao\/2021\/04\/15\/emissao-de-alvaras-comerciais-fica-mais-simplificado-e-isenta-areas-consideradas-de-baixo-risco-de-saude-humana-e-animal\/","title":{"rendered":"Emiss\u00e3o de Alvar\u00e1s Comerciais fica mais simplificado e isenta \u00e1reas consideradas de baixo risco de sa\u00fade humana e animal"},"content":{"rendered":"<p><img loading=\"lazy\" class=\"size-full wp-image-21416\" src=\"https:\/\/rna.ao\/rna.ao\/wp-content\/uploads\/2021\/04\/Ministerio-do-Comercio.jpg\" alt=\"\" width=\"269\" height=\"179\" \/><\/p>\n<p>Nos pr\u00f3ximos dias o exerc\u00edcio da actividade comercial, em \u00e1reas consideradas de baixo risco de sa\u00fade humana e animal, estar\u00e3o isentas do Alvar\u00e1 Comercial.<\/p>\n<p>Estas actividades passar\u00e3o a estar sujeitas a um cadastro e autoriza\u00e7\u00e3o, junto das Administra\u00e7\u00f5es Municipais, permitindo a abertura do estabelecimento comercial no mesmo dia da submiss\u00e3o do pedido.<\/p>\n<p>De acordo com a directora nacional do com\u00e9rcio interno do Minist\u00e9rio da Ind\u00fastria e Com\u00e9rcio, Edna Capalo, a emiss\u00e3o do Alvar\u00e1 passar\u00e1 a ser exig\u00edvel apenas \u00e0s actividades relacionadas com bens alimentares, medicamentos, autom\u00f3veis, combust\u00edveis, lubrificantes, produtos qu\u00edmicos, esp\u00e9cies vivas vegetais, animais, aves e pescado. Clique no \u00e1udio e ou\u00e7a:<\/p>\n\t<div class=\"qtmplayer-playlist-large\">\n\t\t<ul class=\"qtmplayer-playlist\">\n\t\t\t\n\t\t\t\t\t<li class=\"qtmplayer-trackitem\">\n\t\t<img src=\"https:\/\/rna.ao\/rna.ao\/wp-content\/uploads\/2021\/04\/Ministerio-do-Comercio-100x100.jpg\" alt=\"cover\">\t\t<span \t\t\tdata-qtmplayer-cover=\"https:\/\/rna.ao\/rna.ao\/wp-content\/uploads\/2021\/04\/Ministerio-do-Comercio.jpg\"\n\t\t\t\t\t\tdata-qtmplayer-file=\"https:\/\/rna.ao\/rna.ao\/wp-content\/uploads\/2021\/04\/EDNA-CAPALO-1-13-HRS.mp3\"\n\t\t\t\t\t\tdata-qtmplayer-title=\"Emiss\u00e3o de Alvar\u00e1s Comerciais fica mais simplificado e isenta \u00e1reas consideradas de baixo risco de sa\u00fade humana e animal\"\n\t\t\t\t\t\tdata-qtmplayer-artist=\"RNA\"\n\t\t\t\t\t\tdata-qtmplayer-link=\"https:\/\/rna.ao\/rna.ao\/2021\/04\/15\/emissao-de-alvaras-comerciais-fica-mais-simplificado-e-isenta-areas-consideradas-de-baixo-risco-de-saude-humana-e-animal\/\"\n\t\t\t\t\t\tdata-qtmplayer-icon=\"file_download\"\n\t\t\t\t\t\tdata-qtmplayer-type=\"track\"\n\t\t\t class=\"qtmplayer-play qtmplayer-link-sec qtmplayer-play-btn\"><i class='material-icons'>play_arrow<\/i><\/span>\n\t\t<p>\n\t\t\t<span class=\"qtmplayer-tit\">Emiss\u00e3o de Alvar\u00e1s Comerciais fica mais simplificado e isenta \u00e1reas consideradas de baixo risco de sa\u00fade humana e animal<\/span>\n\t\t\t<span class=\"qtmplayer-art\">RNA<\/span>\n\t\t<\/p>\n\t<\/li>\n\t\t<\/ul>\n\t<\/div>\t\t\t\n\t\n<p>Edna Capalo disse, tamb\u00e9m, que esta medida se enquadra nos novos procedimentos de licenciamento comercial, e visa a melhoria do ambiente de neg\u00f3cios no pa\u00eds. Clique no \u00e1udio e ou\u00e7a:<\/p>\n\t<div class=\"qtmplayer-playlist-large\">\n\t\t<ul class=\"qtmplayer-playlist\">\n\t\t\t\n\t\t\t\t\t<li class=\"qtmplayer-trackitem\">\n\t\t<img src=\"https:\/\/rna.ao\/rna.ao\/wp-content\/uploads\/2021\/04\/Ministerio-do-Comercio-100x100.jpg\" alt=\"cover\">\t\t<span \t\t\tdata-qtmplayer-cover=\"https:\/\/rna.ao\/rna.ao\/wp-content\/uploads\/2021\/04\/Ministerio-do-Comercio.jpg\"\n\t\t\t\t\t\tdata-qtmplayer-file=\"https:\/\/rna.ao\/rna.ao\/wp-content\/uploads\/2021\/04\/EDNA-CAPALO-2-13-HRS.mp3\"\n\t\t\t\t\t\tdata-qtmplayer-title=\"Emiss\u00e3o de Alvar\u00e1s Comerciais fica mais simplificado e isenta \u00e1reas consideradas de baixo risco de sa\u00fade humana e animal\"\n\t\t\t\t\t\tdata-qtmplayer-artist=\"RNA\"\n\t\t\t\t\t\tdata-qtmplayer-link=\"https:\/\/rna.ao\/rna.ao\/2021\/04\/15\/emissao-de-alvaras-comerciais-fica-mais-simplificado-e-isenta-areas-consideradas-de-baixo-risco-de-saude-humana-e-animal\/\"\n\t\t\t\t\t\tdata-qtmplayer-icon=\"file_download\"\n\t\t\t\t\t\tdata-qtmplayer-type=\"track\"\n\t\t\t class=\"qtmplayer-play qtmplayer-link-sec qtmplayer-play-btn\"><i class='material-icons'>play_arrow<\/i><\/span>\n\t\t<p>\n\t\t\t<span class=\"qtmplayer-tit\">Emiss\u00e3o de Alvar\u00e1s Comerciais fica mais simplificado e isenta \u00e1reas consideradas de baixo risco de sa\u00fade humana e animal<\/span>\n\t\t\t<span class=\"qtmplayer-art\">RNA<\/span>\n\t\t<\/p>\n\t<\/li>\n\t\t<\/ul>\n\t<\/div>\t\t\t\n\t\n<p>Fonte: RNA<\/p>\n","protected":false},"excerpt":{"rendered":"<p>Nos pr\u00f3ximos dias o exerc\u00edcio da actividade comercial, em \u00e1reas consideradas de baixo risco de sa\u00fade humana e animal, estar\u00e3o isentas do Alvar\u00e1 Comercial. Estas actividades passar\u00e3o a estar sujeitas a um cadastro e autoriza\u00e7\u00e3o, junto das Administra\u00e7\u00f5es Municipais, permitindo a abertura do estabelecimento comercial no mesmo dia da submiss\u00e3o ...<\/p>\n","protected":false},"author":8,"featured_media":21416,"comment_status":"closed","ping_status":"closed","sticky":false,"template":"","format":"standard","meta":[],"categories":[142,121],"tags":[],"_links":{"self":[{"href":"https:\/\/rna.ao\/rna.ao\/wp-json\/wp\/v2\/posts\/21411"}],"collection":[{"href":"https:\/\/rna.ao\/rna.ao\/wp-json\/wp\/v2\/posts"}],"about":[{"href":"https:\/\/rna.ao\/rna.ao\/wp-json\/wp\/v2\/types\/post"}],"author":[{"embeddable":true,"href":"https:\/\/rna.ao\/rna.ao\/wp-json\/wp\/v2\/users\/8"}],"replies":[{"embeddable":true,"href":"https:\/\/rna.ao\/rna.ao\/wp-json\/wp\/v2\/comments?post=21411"}],"version-history":[{"count":2,"href":"https:\/\/rna.ao\/rna.ao\/wp-json\/wp\/v2\/posts\/21411\/revisions"}],"predecessor-version":[{"id":21418,"href":"https:\/\/rna.ao\/rna.ao\/wp-json\/wp\/v2\/posts\/21411\/revisions\/21418"}],"wp:featuredmedia":[{"embeddable":true,"href":"https:\/\/rna.ao\/rna.ao\/wp-json\/wp\/v2\/media\/21416"}],"wp:attachment":[{"href":"https:\/\/rna.ao\/rna.ao\/wp-json\/wp\/v2\/media?parent=21411"}],"wp:term":[{"taxonomy":"category","embeddable":true,"href":"https:\/\/rna.ao\/rna.ao\/wp-json\/wp\/v2\/categories?post=21411"},{"taxonomy":"post_tag","embeddable":true,"href":"https:\/\/rna.ao\/rna.ao\/wp-json\/wp\/v2\/tags?post=21411"}],"curies":[{"name":"wp","href":"https:\/\/api.w.org\/{rel}","templated":true}]}}