{"id":21400,"date":"2021-04-15T15:26:46","date_gmt":"2021-04-15T14:26:46","guid":{"rendered":"https:\/\/rna.ao\/rna.ao\/?p=21400"},"modified":"2021-04-16T07:47:15","modified_gmt":"2021-04-16T06:47:15","slug":"processo-que-envolve-engenheira-isabel-dos-santos-requer-muita-intervencao-da-cooperacao-internacional","status":"publish","type":"post","link":"https:\/\/rna.ao\/rna.ao\/2021\/04\/15\/processo-que-envolve-engenheira-isabel-dos-santos-requer-muita-intervencao-da-cooperacao-internacional\/","title":{"rendered":"Processo que envolve engenheira Isabel dos Santos requer muita interven\u00e7\u00e3o da coopera\u00e7\u00e3o internacional"},"content":{"rendered":"<p><img loading=\"lazy\" class=\"size-full wp-image-20030 alignleft\" src=\"https:\/\/rna.ao\/rna.ao\/wp-content\/uploads\/2021\/03\/Helder-Pita-Gros.jpg\" alt=\"\" width=\"269\" height=\"187\" \/>O Procurador Geral da Rep\u00fablica, H\u00e9lder Pita Gr\u00f3s, esclareceu esta quinta-feira, 15 de Abril, em Luanda, o andamento do processo que envolve a engenheira, Isabel dos Santos, dizendo que continua a ser investigado no pa\u00eds e no estrangeiro. H\u00e9lder Pita Gr\u00f3s, que falava \u00e0 imprensa por ocasi\u00e3o da inaugura\u00e7\u00e3o do Parlat\u00f3rio Visual da Cadeia de S\u00e3o Paulo, disse que o processo que envolve a engenheira Isabel dos Santos \u00e9 complexo, e que n\u00e3o depende s\u00f3 das autoridades angolanas. Clique no \u00e1udio e ou\u00e7a:<\/p>\n\t<div class=\"qtmplayer-playlist-large\">\n\t\t<ul class=\"qtmplayer-playlist\">\n\t\t\t\n\t\t\t\t\t<li class=\"qtmplayer-trackitem\">\n\t\t<img src=\"https:\/\/rna.ao\/rna.ao\/wp-content\/uploads\/2021\/03\/Helder-Pita-Gros-100x100.jpg\" alt=\"cover\">\t\t<span \t\t\tdata-qtmplayer-cover=\"https:\/\/rna.ao\/rna.ao\/wp-content\/uploads\/2021\/03\/Helder-Pita-Gros.jpg\"\n\t\t\t\t\t\tdata-qtmplayer-file=\"https:\/\/rna.ao\/rna.ao\/wp-content\/uploads\/2021\/04\/PITA-GROS-ISABELDOS-SANTOS.mp3\"\n\t\t\t\t\t\tdata-qtmplayer-title=\"Processo que envolve engenheira Isabel dos Santos requer muita interven\u00e7\u00e3o da coopera\u00e7\u00e3o internacional\"\n\t\t\t\t\t\tdata-qtmplayer-artist=\"RNA\"\n\t\t\t\t\t\tdata-qtmplayer-link=\"https:\/\/rna.ao\/rna.ao\/2021\/04\/15\/processo-que-envolve-engenheira-isabel-dos-santos-requer-muita-intervencao-da-cooperacao-internacional\/\"\n\t\t\t\t\t\tdata-qtmplayer-icon=\"file_download\"\n\t\t\t\t\t\tdata-qtmplayer-type=\"track\"\n\t\t\t class=\"qtmplayer-play qtmplayer-link-sec qtmplayer-play-btn\"><i class='material-icons'>play_arrow<\/i><\/span>\n\t\t<p>\n\t\t\t<span class=\"qtmplayer-tit\">Processo que envolve engenheira Isabel dos Santos requer muita interven\u00e7\u00e3o da coopera\u00e7\u00e3o internacional<\/span>\n\t\t\t<span class=\"qtmplayer-art\">RNA<\/span>\n\t\t<\/p>\n\t<\/li>\n\t\t<\/ul>\n\t<\/div>\t\t\t\n\t\n<p>Fonte: RNA<\/p>\n","protected":false},"excerpt":{"rendered":"<p>O Procurador Geral da Rep\u00fablica, H\u00e9lder Pita Gr\u00f3s, esclareceu esta quinta-feira, 15 de Abril, em Luanda, o andamento do processo que envolve a engenheira, Isabel dos Santos, dizendo que continua a ser investigado no pa\u00eds e no estrangeiro. H\u00e9lder Pita Gr\u00f3s, que falava \u00e0 imprensa por ocasi\u00e3o da inaugura\u00e7\u00e3o do ...<\/p>\n","protected":false},"author":8,"featured_media":20030,"comment_status":"closed","ping_status":"closed","sticky":false,"template":"","format":"standard","meta":[],"categories":[142,121,164,163],"tags":[],"_links":{"self":[{"href":"https:\/\/rna.ao\/rna.ao\/wp-json\/wp\/v2\/posts\/21400"}],"collection":[{"href":"https:\/\/rna.ao\/rna.ao\/wp-json\/wp\/v2\/posts"}],"about":[{"href":"https:\/\/rna.ao\/rna.ao\/wp-json\/wp\/v2\/types\/post"}],"author":[{"embeddable":true,"href":"https:\/\/rna.ao\/rna.ao\/wp-json\/wp\/v2\/users\/8"}],"replies":[{"embeddable":true,"href":"https:\/\/rna.ao\/rna.ao\/wp-json\/wp\/v2\/comments?post=21400"}],"version-history":[{"count":1,"href":"https:\/\/rna.ao\/rna.ao\/wp-json\/wp\/v2\/posts\/21400\/revisions"}],"predecessor-version":[{"id":21402,"href":"https:\/\/rna.ao\/rna.ao\/wp-json\/wp\/v2\/posts\/21400\/revisions\/21402"}],"wp:featuredmedia":[{"embeddable":true,"href":"https:\/\/rna.ao\/rna.ao\/wp-json\/wp\/v2\/media\/20030"}],"wp:attachment":[{"href":"https:\/\/rna.ao\/rna.ao\/wp-json\/wp\/v2\/media?parent=21400"}],"wp:term":[{"taxonomy":"category","embeddable":true,"href":"https:\/\/rna.ao\/rna.ao\/wp-json\/wp\/v2\/categories?post=21400"},{"taxonomy":"post_tag","embeddable":true,"href":"https:\/\/rna.ao\/rna.ao\/wp-json\/wp\/v2\/tags?post=21400"}],"curies":[{"name":"wp","href":"https:\/\/api.w.org\/{rel}","templated":true}]}}