{"id":21399,"date":"2021-04-15T15:35:38","date_gmt":"2021-04-15T14:35:38","guid":{"rendered":"https:\/\/rna.ao\/rna.ao\/?p=21399"},"modified":"2021-04-16T05:24:55","modified_gmt":"2021-04-16T04:24:55","slug":"instalado-parlatorio-visual-na-cadeia-de-sao-paulo-na-capital-do-pais","status":"publish","type":"post","link":"https:\/\/rna.ao\/rna.ao\/2021\/04\/15\/instalado-parlatorio-visual-na-cadeia-de-sao-paulo-na-capital-do-pais\/","title":{"rendered":"Instalado Parlat\u00f3rio Visual na Cadeia de S\u00e3o Paulo na capital do pa\u00eds"},"content":{"rendered":"<p><img loading=\"lazy\" class=\"size-full wp-image-21407 alignleft\" src=\"https:\/\/rna.ao\/rna.ao\/wp-content\/uploads\/2021\/04\/Parlatorio-Virtual-3.jpg\" alt=\"\" width=\"337\" height=\"206\" \/>A Cadeia de S\u00e3o Paulo j\u00e1 tem Parlat\u00f3rio Visual, uma plataforma que visa facilitar a comunica\u00e7\u00e3o dos presos com os seus familiares, respeitando assim os seus direitos consagrados.<\/p>\n<p>O Procurador Geral da Rep\u00fablica, H\u00e9lder Pita Gr\u00f3s, referiu, na inaugura\u00e7\u00e3o da plataforma, que o acesso dos reclusos \u00e0 esta ferramenta obedece \u00e0 uma s\u00e9rie de crit\u00e9rios. Clique no \u00e1udio e ou\u00e7a:<\/p>\n\t<div class=\"qtmplayer-playlist-large\">\n\t\t<ul class=\"qtmplayer-playlist\">\n\t\t\t\n\t\t\t\t\t<li class=\"qtmplayer-trackitem\">\n\t\t<img src=\"https:\/\/rna.ao\/rna.ao\/wp-content\/uploads\/2021\/04\/Parlatorio-Virtual-3-100x100.jpg\" alt=\"cover\">\t\t<span \t\t\tdata-qtmplayer-cover=\"https:\/\/rna.ao\/rna.ao\/wp-content\/uploads\/2021\/04\/Parlatorio-Virtual-3.jpg\"\n\t\t\t\t\t\tdata-qtmplayer-file=\"https:\/\/rna.ao\/rna.ao\/wp-content\/uploads\/2021\/04\/PITA-GROS-cadeia.mp3\"\n\t\t\t\t\t\tdata-qtmplayer-title=\"Instalado Parlat\u00f3rio Visual na Cadeia de S\u00e3o Paulo na capital do pa\u00eds\"\n\t\t\t\t\t\tdata-qtmplayer-artist=\"RNA\"\n\t\t\t\t\t\tdata-qtmplayer-link=\"https:\/\/rna.ao\/rna.ao\/2021\/04\/15\/instalado-parlatorio-visual-na-cadeia-de-sao-paulo-na-capital-do-pais\/\"\n\t\t\t\t\t\tdata-qtmplayer-icon=\"file_download\"\n\t\t\t\t\t\tdata-qtmplayer-type=\"track\"\n\t\t\t class=\"qtmplayer-play qtmplayer-link-sec qtmplayer-play-btn\"><i class='material-icons'>play_arrow<\/i><\/span>\n\t\t<p>\n\t\t\t<span class=\"qtmplayer-tit\">Instalado Parlat\u00f3rio Visual na Cadeia de S\u00e3o Paulo na capital do pa\u00eds<\/span>\n\t\t\t<span class=\"qtmplayer-art\">RNA<\/span>\n\t\t<\/p>\n\t<\/li>\n\t\t<\/ul>\n\t<\/div>\t\t\t\n\t\n<p>A Secret\u00e1ria de Estado da Fam\u00edlia e Promo\u00e7\u00e3o da Mulher, Elsa Barber, referiu que este processo vai encurtar dist\u00e2ncias e pacificar os esp\u00edritos. Clique no \u00e1udio e ou\u00e7a:<\/p>\n\t<div class=\"qtmplayer-playlist-large\">\n\t\t<ul class=\"qtmplayer-playlist\">\n\t\t\t\n\t\t\t\t\t<li class=\"qtmplayer-trackitem\">\n\t\t<img src=\"https:\/\/rna.ao\/rna.ao\/wp-content\/uploads\/2021\/04\/Parlatorio-Virtual-3-100x100.jpg\" alt=\"cover\">\t\t<span \t\t\tdata-qtmplayer-cover=\"https:\/\/rna.ao\/rna.ao\/wp-content\/uploads\/2021\/04\/Parlatorio-Virtual-3.jpg\"\n\t\t\t\t\t\tdata-qtmplayer-file=\"https:\/\/rna.ao\/rna.ao\/wp-content\/uploads\/2021\/04\/ELSA-BARBER-13HRS.mp3\"\n\t\t\t\t\t\tdata-qtmplayer-title=\"Instalado Parlat\u00f3rio Visual na Cadeia de S\u00e3o Paulo na capital do pa\u00eds\"\n\t\t\t\t\t\tdata-qtmplayer-artist=\"RNA\"\n\t\t\t\t\t\tdata-qtmplayer-link=\"https:\/\/rna.ao\/rna.ao\/2021\/04\/15\/instalado-parlatorio-visual-na-cadeia-de-sao-paulo-na-capital-do-pais\/\"\n\t\t\t\t\t\tdata-qtmplayer-icon=\"file_download\"\n\t\t\t\t\t\tdata-qtmplayer-type=\"track\"\n\t\t\t class=\"qtmplayer-play qtmplayer-link-sec qtmplayer-play-btn\"><i class='material-icons'>play_arrow<\/i><\/span>\n\t\t<p>\n\t\t\t<span class=\"qtmplayer-tit\">Instalado Parlat\u00f3rio Visual na Cadeia de S\u00e3o Paulo na capital do pa\u00eds<\/span>\n\t\t\t<span class=\"qtmplayer-art\">RNA<\/span>\n\t\t<\/p>\n\t<\/li>\n\t\t<\/ul>\n\t<\/div>\t\t\t\n\t\n<p>O PNUD tem um papel importante no funcionamento destas plataformas. Mamisa Haranje diz que h\u00e1, mais de trezentos mil d\u00f3lares, para o funcionamento do parlat\u00f3rio virtual, em dez estabelecimentos prisionais do pa\u00eds. Clique no \u00e1udio e ou\u00e7a:<\/p>\n\t<div class=\"qtmplayer-playlist-large\">\n\t\t<ul class=\"qtmplayer-playlist\">\n\t\t\t\n\t\t\t\t\t<li class=\"qtmplayer-trackitem\">\n\t\t<img src=\"https:\/\/rna.ao\/rna.ao\/wp-content\/uploads\/2021\/04\/Parlatorio-Virtual-3-100x100.jpg\" alt=\"cover\">\t\t<span \t\t\tdata-qtmplayer-cover=\"https:\/\/rna.ao\/rna.ao\/wp-content\/uploads\/2021\/04\/Parlatorio-Virtual-3.jpg\"\n\t\t\t\t\t\tdata-qtmplayer-file=\"https:\/\/rna.ao\/rna.ao\/wp-content\/uploads\/2021\/04\/MAMISA-HARANJE-13-HRS.mp3\"\n\t\t\t\t\t\tdata-qtmplayer-title=\"Instalado Parlat\u00f3rio Visual na Cadeia de S\u00e3o Paulo na capital do pa\u00eds\"\n\t\t\t\t\t\tdata-qtmplayer-artist=\"RNA\"\n\t\t\t\t\t\tdata-qtmplayer-link=\"https:\/\/rna.ao\/rna.ao\/2021\/04\/15\/instalado-parlatorio-visual-na-cadeia-de-sao-paulo-na-capital-do-pais\/\"\n\t\t\t\t\t\tdata-qtmplayer-icon=\"file_download\"\n\t\t\t\t\t\tdata-qtmplayer-type=\"track\"\n\t\t\t class=\"qtmplayer-play qtmplayer-link-sec qtmplayer-play-btn\"><i class='material-icons'>play_arrow<\/i><\/span>\n\t\t<p>\n\t\t\t<span class=\"qtmplayer-tit\">Instalado Parlat\u00f3rio Visual na Cadeia de S\u00e3o Paulo na capital do pa\u00eds<\/span>\n\t\t\t<span class=\"qtmplayer-art\">RNA<\/span>\n\t\t<\/p>\n\t<\/li>\n\t\t<\/ul>\n\t<\/div>\t\t\t\n\t\n<p>Germano Cassinda, da Igreja Cat\u00f3lica, explica o papel da igreja neste processo. Clique no \u00e1udio e ou\u00e7a:<\/p>\n\t<div class=\"qtmplayer-playlist-large\">\n\t\t<ul class=\"qtmplayer-playlist\">\n\t\t\t\n\t\t\t\t\t<li class=\"qtmplayer-trackitem\">\n\t\t<img src=\"https:\/\/rna.ao\/rna.ao\/wp-content\/uploads\/2021\/04\/Parlatorio-Virtual-3-100x100.jpg\" alt=\"cover\">\t\t<span \t\t\tdata-qtmplayer-cover=\"https:\/\/rna.ao\/rna.ao\/wp-content\/uploads\/2021\/04\/Parlatorio-Virtual-3.jpg\"\n\t\t\t\t\t\tdata-qtmplayer-file=\"https:\/\/rna.ao\/rna.ao\/wp-content\/uploads\/2021\/04\/GERONIMO-CASSINGA-13HRS.mp3\"\n\t\t\t\t\t\tdata-qtmplayer-title=\"Instalado Parlat\u00f3rio Visual na Cadeia de S\u00e3o Paulo na capital do pa\u00eds\"\n\t\t\t\t\t\tdata-qtmplayer-artist=\"RNA\"\n\t\t\t\t\t\tdata-qtmplayer-link=\"https:\/\/rna.ao\/rna.ao\/2021\/04\/15\/instalado-parlatorio-visual-na-cadeia-de-sao-paulo-na-capital-do-pais\/\"\n\t\t\t\t\t\tdata-qtmplayer-icon=\"file_download\"\n\t\t\t\t\t\tdata-qtmplayer-type=\"track\"\n\t\t\t class=\"qtmplayer-play qtmplayer-link-sec qtmplayer-play-btn\"><i class='material-icons'>play_arrow<\/i><\/span>\n\t\t<p>\n\t\t\t<span class=\"qtmplayer-tit\">Instalado Parlat\u00f3rio Visual na Cadeia de S\u00e3o Paulo na capital do pa\u00eds<\/span>\n\t\t\t<span class=\"qtmplayer-art\">RNA<\/span>\n\t\t<\/p>\n\t<\/li>\n\t\t<\/ul>\n\t<\/div>\t\t\t\n\t\n<p>&nbsp;<\/p>\n","protected":false},"excerpt":{"rendered":"<p>A Cadeia de S\u00e3o Paulo j\u00e1 tem Parlat\u00f3rio Visual, uma plataforma que visa facilitar a comunica\u00e7\u00e3o dos presos com os seus familiares, respeitando assim os seus direitos consagrados. O Procurador Geral da Rep\u00fablica, H\u00e9lder Pita Gr\u00f3s, referiu, na inaugura\u00e7\u00e3o da plataforma, que o acesso dos reclusos \u00e0 esta ferramenta obedece ...<\/p>\n","protected":false},"author":8,"featured_media":21407,"comment_status":"closed","ping_status":"closed","sticky":false,"template":"","format":"standard","meta":[],"categories":[142,121],"tags":[],"_links":{"self":[{"href":"https:\/\/rna.ao\/rna.ao\/wp-json\/wp\/v2\/posts\/21399"}],"collection":[{"href":"https:\/\/rna.ao\/rna.ao\/wp-json\/wp\/v2\/posts"}],"about":[{"href":"https:\/\/rna.ao\/rna.ao\/wp-json\/wp\/v2\/types\/post"}],"author":[{"embeddable":true,"href":"https:\/\/rna.ao\/rna.ao\/wp-json\/wp\/v2\/users\/8"}],"replies":[{"embeddable":true,"href":"https:\/\/rna.ao\/rna.ao\/wp-json\/wp\/v2\/comments?post=21399"}],"version-history":[{"count":1,"href":"https:\/\/rna.ao\/rna.ao\/wp-json\/wp\/v2\/posts\/21399\/revisions"}],"predecessor-version":[{"id":21408,"href":"https:\/\/rna.ao\/rna.ao\/wp-json\/wp\/v2\/posts\/21399\/revisions\/21408"}],"wp:featuredmedia":[{"embeddable":true,"href":"https:\/\/rna.ao\/rna.ao\/wp-json\/wp\/v2\/media\/21407"}],"wp:attachment":[{"href":"https:\/\/rna.ao\/rna.ao\/wp-json\/wp\/v2\/media?parent=21399"}],"wp:term":[{"taxonomy":"category","embeddable":true,"href":"https:\/\/rna.ao\/rna.ao\/wp-json\/wp\/v2\/categories?post=21399"},{"taxonomy":"post_tag","embeddable":true,"href":"https:\/\/rna.ao\/rna.ao\/wp-json\/wp\/v2\/tags?post=21399"}],"curies":[{"name":"wp","href":"https:\/\/api.w.org\/{rel}","templated":true}]}}