{"id":21395,"date":"2021-04-15T15:08:03","date_gmt":"2021-04-15T14:08:03","guid":{"rendered":"https:\/\/rna.ao\/rna.ao\/?p=21395"},"modified":"2021-04-15T15:08:03","modified_gmt":"2021-04-15T14:08:03","slug":"grupo-parlamentar-da-unita-quer-ouvir-dois-ministros-e-a-governadora-de-luanda-por-causa-do-lixo-em-luanda","status":"publish","type":"post","link":"https:\/\/rna.ao\/rna.ao\/2021\/04\/15\/grupo-parlamentar-da-unita-quer-ouvir-dois-ministros-e-a-governadora-de-luanda-por-causa-do-lixo-em-luanda\/","title":{"rendered":"Grupo Parlamentar da UNITA quer ouvir dois Ministros e a Governadora de Luanda por causa do Lixo em Luanda"},"content":{"rendered":"<p><img loading=\"lazy\" class=\"size-full wp-image-21397 alignleft\" src=\"https:\/\/rna.ao\/rna.ao\/wp-content\/uploads\/2021\/04\/Liberty-Chiyaka-UNITA.jpg\" alt=\"\" width=\"312\" height=\"234\" \/>O Grupo Parlamentar da UNITA pretende realizar uma audi\u00e7\u00e3o conjunta, com os Ministros da Cultura, Turismo Hotelaria e Ambiente, Sa\u00fade e a Governadora da Prov\u00edncia de Luanda. De acordo com Liberty Chiaca, presidente do Grupo Parlamentar do &#8220;Galo Negro&#8221;, a peti\u00e7\u00e3o foi j\u00e1 entregue, h\u00e1 algum tempo, ao Gabinete do Presidente da Assembleia nacional, e est\u00e1 preocupado com o agendamento das audi\u00e7\u00f5es. Clique no \u00e1udio, abaixo, e ou\u00e7a com mais desenvolvimento na reportagem do Polaco Pedro:<\/p>\n\t<div class=\"qtmplayer-playlist-large\">\n\t\t<ul class=\"qtmplayer-playlist\">\n\t\t\t\n\t\t\t\t\t<li class=\"qtmplayer-trackitem\">\n\t\t<img src=\"https:\/\/rna.ao\/rna.ao\/wp-content\/uploads\/2021\/04\/Liberty-Chiyaka-UNITA-100x100.jpg\" alt=\"cover\">\t\t<span \t\t\tdata-qtmplayer-cover=\"https:\/\/rna.ao\/rna.ao\/wp-content\/uploads\/2021\/04\/Liberty-Chiyaka-UNITA.jpg\"\n\t\t\t\t\t\tdata-qtmplayer-file=\"https:\/\/rna.ao\/rna.ao\/wp-content\/uploads\/2021\/04\/POLACO-PEDRO-UNITA-13HRS.mp3\"\n\t\t\t\t\t\tdata-qtmplayer-title=\"Grupo Parlamentar da UNITA quer ouvir dois Ministros e a Governadora de Luanda por causa do Lixo em Luanda\"\n\t\t\t\t\t\tdata-qtmplayer-artist=\"RNA\"\n\t\t\t\t\t\tdata-qtmplayer-link=\"https:\/\/rna.ao\/rna.ao\/2021\/04\/15\/grupo-parlamentar-da-unita-quer-ouvir-dois-ministros-e-a-governadora-de-luanda-por-causa-do-lixo-em-luanda\/\"\n\t\t\t\t\t\tdata-qtmplayer-icon=\"file_download\"\n\t\t\t\t\t\tdata-qtmplayer-type=\"track\"\n\t\t\t class=\"qtmplayer-play qtmplayer-link-sec qtmplayer-play-btn\"><i class='material-icons'>play_arrow<\/i><\/span>\n\t\t<p>\n\t\t\t<span class=\"qtmplayer-tit\">Grupo Parlamentar da UNITA quer ouvir dois Ministros e a Governadora de Luanda por causa do Lixo em Luanda<\/span>\n\t\t\t<span class=\"qtmplayer-art\">RNA<\/span>\n\t\t<\/p>\n\t<\/li>\n\t\t<\/ul>\n\t<\/div>\t\t\t\n\t\n<p>Fonte: RNA<\/p>\n","protected":false},"excerpt":{"rendered":"<p>O Grupo Parlamentar da UNITA pretende realizar uma audi\u00e7\u00e3o conjunta, com os Ministros da Cultura, Turismo Hotelaria e Ambiente, Sa\u00fade e a Governadora da Prov\u00edncia de Luanda. De acordo com Liberty Chiaca, presidente do Grupo Parlamentar do &#8220;Galo Negro&#8221;, a peti\u00e7\u00e3o foi j\u00e1 entregue, h\u00e1 algum tempo, ao Gabinete do ...<\/p>\n","protected":false},"author":8,"featured_media":21397,"comment_status":"closed","ping_status":"closed","sticky":false,"template":"","format":"standard","meta":[],"categories":[142,121,163],"tags":[],"_links":{"self":[{"href":"https:\/\/rna.ao\/rna.ao\/wp-json\/wp\/v2\/posts\/21395"}],"collection":[{"href":"https:\/\/rna.ao\/rna.ao\/wp-json\/wp\/v2\/posts"}],"about":[{"href":"https:\/\/rna.ao\/rna.ao\/wp-json\/wp\/v2\/types\/post"}],"author":[{"embeddable":true,"href":"https:\/\/rna.ao\/rna.ao\/wp-json\/wp\/v2\/users\/8"}],"replies":[{"embeddable":true,"href":"https:\/\/rna.ao\/rna.ao\/wp-json\/wp\/v2\/comments?post=21395"}],"version-history":[{"count":1,"href":"https:\/\/rna.ao\/rna.ao\/wp-json\/wp\/v2\/posts\/21395\/revisions"}],"predecessor-version":[{"id":21398,"href":"https:\/\/rna.ao\/rna.ao\/wp-json\/wp\/v2\/posts\/21395\/revisions\/21398"}],"wp:featuredmedia":[{"embeddable":true,"href":"https:\/\/rna.ao\/rna.ao\/wp-json\/wp\/v2\/media\/21397"}],"wp:attachment":[{"href":"https:\/\/rna.ao\/rna.ao\/wp-json\/wp\/v2\/media?parent=21395"}],"wp:term":[{"taxonomy":"category","embeddable":true,"href":"https:\/\/rna.ao\/rna.ao\/wp-json\/wp\/v2\/categories?post=21395"},{"taxonomy":"post_tag","embeddable":true,"href":"https:\/\/rna.ao\/rna.ao\/wp-json\/wp\/v2\/tags?post=21395"}],"curies":[{"name":"wp","href":"https:\/\/api.w.org\/{rel}","templated":true}]}}