{"id":21389,"date":"2021-04-16T09:21:06","date_gmt":"2021-04-16T08:21:06","guid":{"rendered":"https:\/\/rna.ao\/rna.ao\/?p=21389"},"modified":"2021-04-16T09:21:06","modified_gmt":"2021-04-16T08:21:06","slug":"linvasion-de-criquets-pose-une-mmenace-a-la-securite-alimentaire-dans-le-sud-de-langola","status":"publish","type":"post","link":"https:\/\/rna.ao\/rna.ao\/2021\/04\/16\/linvasion-de-criquets-pose-une-mmenace-a-la-securite-alimentaire-dans-le-sud-de-langola\/","title":{"rendered":"L\u2019Invasion de criquets  pose une mmenace  \u00e1 la s\u00e9curit\u00e9  alimentaire dans le sud de l\u2019Angola."},"content":{"rendered":"<p><img loading=\"lazy\" class=\"wp-image-21478 alignleft\" src=\"https:\/\/rna.ao\/rna.ao\/wp-content\/uploads\/2021\/04\/2020-01-29t200329z_1_lynxmpeg0s1xk_rtroptp_4_africa-locusts-770x770.jpg\" alt=\"\" width=\"196\" height=\"196\" srcset=\"https:\/\/rna.ao\/rna.ao\/wp-content\/uploads\/2021\/04\/2020-01-29t200329z_1_lynxmpeg0s1xk_rtroptp_4_africa-locusts-770x770.jpg 770w, https:\/\/rna.ao\/rna.ao\/wp-content\/uploads\/2021\/04\/2020-01-29t200329z_1_lynxmpeg0s1xk_rtroptp_4_africa-locusts-1170x1170.jpg 1170w, https:\/\/rna.ao\/rna.ao\/wp-content\/uploads\/2021\/04\/2020-01-29t200329z_1_lynxmpeg0s1xk_rtroptp_4_africa-locusts-150x150.jpg 150w, https:\/\/rna.ao\/rna.ao\/wp-content\/uploads\/2021\/04\/2020-01-29t200329z_1_lynxmpeg0s1xk_rtroptp_4_africa-locusts-768x768.jpg 768w, https:\/\/rna.ao\/rna.ao\/wp-content\/uploads\/2021\/04\/2020-01-29t200329z_1_lynxmpeg0s1xk_rtroptp_4_africa-locusts-100x100.jpg 100w, https:\/\/rna.ao\/rna.ao\/wp-content\/uploads\/2021\/04\/2020-01-29t200329z_1_lynxmpeg0s1xk_rtroptp_4_africa-locusts-370x370.jpg 370w, https:\/\/rna.ao\/rna.ao\/wp-content\/uploads\/2021\/04\/2020-01-29t200329z_1_lynxmpeg0s1xk_rtroptp_4_africa-locusts.jpg 1280w\" sizes=\"(max-width: 196px) 100vw, 196px\" \/>Une invasion de criquets p\u00e8lerins fait rage dans le sud de l\u2019Angola,notamment dans les provinces de Kwando-Kubango et Cunene. Pour \u00a0lutter contre\u00a0 ce fl\u00e9au qui affecte la r\u00e9gion sud du pays \u00a0\u00a0,l\u2019Angola compte avec \u00a0l\u2019appui \u00a0du Fonds des Nations Unies pour l&#8217;alimentation et l&#8217;agriculture en Angola (FAO ).\u00a0La FAO\u00a0 pour sa\u00a0 part a pr\u00e9venu\u00a0 qu&#8217;une hausse massive du nombre de criquets dans la r\u00e9gion poserait une menace sans pr\u00e9c\u00e9dent \u00e0 la s\u00e9curit\u00e9 alimentaire et aux moyens de subsistance des populations, \u00e0 l&#8217;approche de la saison.<\/p>\n\t<div class=\"qtmplayer-playlist-large\">\n\t\t<ul class=\"qtmplayer-playlist\">\n\t\t\t\n\t\t\t\t\t<li class=\"qtmplayer-trackitem\">\n\t\t<img src=\"https:\/\/rna.ao\/rna.ao\/wp-content\/uploads\/2021\/04\/africa-100x100.jpg\" alt=\"cover\">\t\t<span \t\t\tdata-qtmplayer-cover=\"https:\/\/rna.ao\/rna.ao\/wp-content\/uploads\/2021\/04\/africa-370x370.jpg\"\n\t\t\t\t\t\tdata-qtmplayer-file=\"https:\/\/rna.ao\/rna.ao\/wp-content\/uploads\/2021\/04\/GHERDA-BARRETO-.mp3\"\n\t\t\t\t\t\tdata-qtmplayer-title=\"L\u2019Invasion de criquets  pose une mmenace  \u00e1 la s\u00e9curit\u00e9  alimentaire dans le sud de l\u2019Angola.\"\n\t\t\t\t\t\tdata-qtmplayer-artist=\"RNA\"\n\t\t\t\t\t\tdata-qtmplayer-link=\"https:\/\/rna.ao\/rna.ao\/2021\/04\/16\/linvasion-de-criquets-pose-une-mmenace-a-la-securite-alimentaire-dans-le-sud-de-langola\/\"\n\t\t\t\t\t\tdata-qtmplayer-icon=\"file_download\"\n\t\t\t\t\t\tdata-qtmplayer-type=\"track\"\n\t\t\t class=\"qtmplayer-play qtmplayer-link-sec qtmplayer-play-btn\"><i class='material-icons'>play_arrow<\/i><\/span>\n\t\t<p>\n\t\t\t<span class=\"qtmplayer-tit\">L\u2019Invasion de criquets  pose une mmenace  \u00e1 la s\u00e9curit\u00e9  alimentaire dans le sud de l\u2019Angola.<\/span>\n\t\t\t<span class=\"qtmplayer-art\">RNA<\/span>\n\t\t<\/p>\n\t<\/li>\n\t\t<\/ul>\n\t<\/div>\t\t\t\n\t\n<p>&nbsp;<\/p>\n","protected":false},"excerpt":{"rendered":"<p>Une invasion de criquets p\u00e8lerins fait rage dans le sud de l\u2019Angola,notamment dans les provinces de Kwando-Kubango et Cunene. Pour \u00a0lutter contre\u00a0 ce fl\u00e9au qui affecte la r\u00e9gion sud du pays \u00a0\u00a0,l\u2019Angola compte avec \u00a0l\u2019appui \u00a0du Fonds des Nations Unies pour l&#8217;alimentation et l&#8217;agriculture en Angola (FAO ).\u00a0La FAO\u00a0 pour ...<\/p>\n","protected":false},"author":8,"featured_media":21485,"comment_status":"closed","ping_status":"closed","sticky":false,"template":"","format":"standard","meta":[],"categories":[143,137],"tags":[],"_links":{"self":[{"href":"https:\/\/rna.ao\/rna.ao\/wp-json\/wp\/v2\/posts\/21389"}],"collection":[{"href":"https:\/\/rna.ao\/rna.ao\/wp-json\/wp\/v2\/posts"}],"about":[{"href":"https:\/\/rna.ao\/rna.ao\/wp-json\/wp\/v2\/types\/post"}],"author":[{"embeddable":true,"href":"https:\/\/rna.ao\/rna.ao\/wp-json\/wp\/v2\/users\/8"}],"replies":[{"embeddable":true,"href":"https:\/\/rna.ao\/rna.ao\/wp-json\/wp\/v2\/comments?post=21389"}],"version-history":[{"count":1,"href":"https:\/\/rna.ao\/rna.ao\/wp-json\/wp\/v2\/posts\/21389\/revisions"}],"predecessor-version":[{"id":21492,"href":"https:\/\/rna.ao\/rna.ao\/wp-json\/wp\/v2\/posts\/21389\/revisions\/21492"}],"wp:featuredmedia":[{"embeddable":true,"href":"https:\/\/rna.ao\/rna.ao\/wp-json\/wp\/v2\/media\/21485"}],"wp:attachment":[{"href":"https:\/\/rna.ao\/rna.ao\/wp-json\/wp\/v2\/media?parent=21389"}],"wp:term":[{"taxonomy":"category","embeddable":true,"href":"https:\/\/rna.ao\/rna.ao\/wp-json\/wp\/v2\/categories?post=21389"},{"taxonomy":"post_tag","embeddable":true,"href":"https:\/\/rna.ao\/rna.ao\/wp-json\/wp\/v2\/tags?post=21389"}],"curies":[{"name":"wp","href":"https:\/\/api.w.org\/{rel}","templated":true}]}}