{"id":21377,"date":"2021-04-15T14:10:03","date_gmt":"2021-04-15T13:10:03","guid":{"rendered":"https:\/\/rna.ao\/rna.ao\/?p=21377"},"modified":"2021-04-15T16:16:27","modified_gmt":"2021-04-15T15:16:27","slug":"pape-ja-criou-mais-de-seis-mil-posto-de-trabalho-beneficiando-beneficiando-jovens","status":"publish","type":"post","link":"https:\/\/rna.ao\/rna.ao\/2021\/04\/15\/pape-ja-criou-mais-de-seis-mil-posto-de-trabalho-beneficiando-beneficiando-jovens\/","title":{"rendered":"PAPE  j\u00e1 criou mais de seis mil posto de trabalho  beneficiando beneficiando jovens."},"content":{"rendered":"<p><img loading=\"lazy\" class=\"wp-image-21378 alignleft\" src=\"https:\/\/rna.ao\/rna.ao\/wp-content\/uploads\/2021\/04\/20190607-dw-debate-plano-de-aco-para-promoo-da-empregabilidade-pape-1-638.jpg\" alt=\"\" width=\"327\" height=\"184\" \/>O Plano de Ac\u00e7\u00e3o para a Promo\u00e7\u00e3o da Empregabilidade j\u00e1 criou no pa\u00eds mais de seis mil postos de trabalho beneficiando jovens, atrav\u00e9s do INFOP. Ainda este ano o INFOP prev\u00ea expandir em todo pa\u00eds o projecto incubadora da empresa que visa a forma\u00e7\u00e3o de jovens empreendedores. Estas informa\u00e7\u00f5es foram avan\u00e7adas hoje durante o debate, no Espa\u00e7o Angola em Directo da R\u00e1dio Nacional de Angola que abordou sobre o Empreededorismo Juvenil. Ou\u00e7a, abaixo, toda informa\u00e7\u00e3o com o rep\u00f3rter Daniel Marques.<\/p>\n\t<div class=\"qtmplayer-playlist-large\">\n\t\t<ul class=\"qtmplayer-playlist\">\n\t\t\t\n\t\t\t\t\t<li class=\"qtmplayer-trackitem\">\n\t\t<img src=\"https:\/\/rna.ao\/rna.ao\/wp-content\/uploads\/2021\/04\/download-100x100.png\" alt=\"cover\">\t\t<span \t\t\tdata-qtmplayer-cover=\"https:\/\/rna.ao\/rna.ao\/wp-content\/uploads\/2021\/04\/download.png\"\n\t\t\t\t\t\tdata-qtmplayer-file=\"https:\/\/rna.ao\/rna.ao\/wp-content\/uploads\/2021\/04\/DANIEL-MARQUES-RESUMO-ANGOLA-EM-DIRECTO-13HS-15-04-2021.mp3\"\n\t\t\t\t\t\tdata-qtmplayer-title=\"PAPE  j\u00e1 criou mais de seis mil posto de trabalho  beneficiando beneficiando jovens.\"\n\t\t\t\t\t\tdata-qtmplayer-artist=\"RNA\"\n\t\t\t\t\t\tdata-qtmplayer-link=\"https:\/\/rna.ao\/rna.ao\/2021\/04\/15\/pape-ja-criou-mais-de-seis-mil-posto-de-trabalho-beneficiando-beneficiando-jovens\/\"\n\t\t\t\t\t\tdata-qtmplayer-icon=\"file_download\"\n\t\t\t\t\t\tdata-qtmplayer-type=\"track\"\n\t\t\t class=\"qtmplayer-play qtmplayer-link-sec qtmplayer-play-btn\"><i class='material-icons'>play_arrow<\/i><\/span>\n\t\t<p>\n\t\t\t<span class=\"qtmplayer-tit\">PAPE  j\u00e1 criou mais de seis mil posto de trabalho  beneficiando beneficiando jovens.<\/span>\n\t\t\t<span class=\"qtmplayer-art\">RNA<\/span>\n\t\t<\/p>\n\t<\/li>\n\t\t<\/ul>\n\t<\/div>\t\t\t\n\t\n","protected":false},"excerpt":{"rendered":"<p>O Plano de Ac\u00e7\u00e3o para a Promo\u00e7\u00e3o da Empregabilidade j\u00e1 criou no pa\u00eds mais de seis mil postos de trabalho beneficiando jovens, atrav\u00e9s do INFOP. Ainda este ano o INFOP prev\u00ea expandir em todo pa\u00eds o projecto incubadora da empresa que visa a forma\u00e7\u00e3o de jovens empreendedores. Estas informa\u00e7\u00f5es foram ...<\/p>\n","protected":false},"author":8,"featured_media":21379,"comment_status":"closed","ping_status":"closed","sticky":false,"template":"","format":"standard","meta":[],"categories":[121],"tags":[],"_links":{"self":[{"href":"https:\/\/rna.ao\/rna.ao\/wp-json\/wp\/v2\/posts\/21377"}],"collection":[{"href":"https:\/\/rna.ao\/rna.ao\/wp-json\/wp\/v2\/posts"}],"about":[{"href":"https:\/\/rna.ao\/rna.ao\/wp-json\/wp\/v2\/types\/post"}],"author":[{"embeddable":true,"href":"https:\/\/rna.ao\/rna.ao\/wp-json\/wp\/v2\/users\/8"}],"replies":[{"embeddable":true,"href":"https:\/\/rna.ao\/rna.ao\/wp-json\/wp\/v2\/comments?post=21377"}],"version-history":[{"count":2,"href":"https:\/\/rna.ao\/rna.ao\/wp-json\/wp\/v2\/posts\/21377\/revisions"}],"predecessor-version":[{"id":21383,"href":"https:\/\/rna.ao\/rna.ao\/wp-json\/wp\/v2\/posts\/21377\/revisions\/21383"}],"wp:featuredmedia":[{"embeddable":true,"href":"https:\/\/rna.ao\/rna.ao\/wp-json\/wp\/v2\/media\/21379"}],"wp:attachment":[{"href":"https:\/\/rna.ao\/rna.ao\/wp-json\/wp\/v2\/media?parent=21377"}],"wp:term":[{"taxonomy":"category","embeddable":true,"href":"https:\/\/rna.ao\/rna.ao\/wp-json\/wp\/v2\/categories?post=21377"},{"taxonomy":"post_tag","embeddable":true,"href":"https:\/\/rna.ao\/rna.ao\/wp-json\/wp\/v2\/tags?post=21377"}],"curies":[{"name":"wp","href":"https:\/\/api.w.org\/{rel}","templated":true}]}}