{"id":21370,"date":"2021-04-15T13:22:44","date_gmt":"2021-04-15T12:22:44","guid":{"rendered":"https:\/\/rna.ao\/rna.ao\/?p=21370"},"modified":"2021-04-15T13:22:44","modified_gmt":"2021-04-15T12:22:44","slug":"onu-garante-apoiar-angola-na-erradicacao-da-fome-e-pobreza-extrena-o-pais-esta-a-finalizar-o-seu-relatorio-sobre-objectivo-do-desenvolvimento-sustentavel","status":"publish","type":"post","link":"https:\/\/rna.ao\/rna.ao\/2021\/04\/15\/onu-garante-apoiar-angola-na-erradicacao-da-fome-e-pobreza-extrena-o-pais-esta-a-finalizar-o-seu-relatorio-sobre-objectivo-do-desenvolvimento-sustentavel\/","title":{"rendered":"ONU garante apoiar Angola na erradica\u00e7\u00e3o da fome e pobreza extrena. O pa\u00eds est\u00e1 a finalizar o seu relat\u00f3rio sobre objectivo do desenvolvimento sustent\u00e1vel"},"content":{"rendered":"<p><img loading=\"lazy\" class=\"wp-image-21371 alignleft\" src=\"https:\/\/rna.ao\/rna.ao\/wp-content\/uploads\/2021\/04\/Sergio-Santos-1.jpg\" alt=\"\" width=\"199\" height=\"194\" \/>Angola trabalha na finaliza\u00e7\u00e3o do seu Relat\u00f3rio Nacional Volunt\u00e1rio sobre a implementa\u00e7\u00e3o dos objectivos de Desenvolvimento Sustent\u00e1vel. Quatro grupos t\u00e9cnicos trabalham\u00a0 no documento que vai ser apresentado \u00e1s Na\u00e7\u00f5es Unidas, em Julho deste ano. Segundo o Ministro da Economia e Planeamento, S\u00e9rgio Santos, a erradica\u00e7\u00e3o da fome e da extrema pobreza fazem parte dos 17 objevtivos de Desenvolvimento Sustent\u00e1vel\u00a0 de Angola. O Sistema das Na\u00e7\u00f5es Unidades em Angola assegura todo apoio para o alcance da meta. Ou\u00e7a, abaixo, toda informa\u00e7\u00e3o com o rep\u00f3rter Adriano Belmiro.<\/p>\n\t<div class=\"qtmplayer-playlist-large\">\n\t\t<ul class=\"qtmplayer-playlist\">\n\t\t\t\n\t\t\t\t\t<li class=\"qtmplayer-trackitem\">\n\t\t<img src=\"https:\/\/rna.ao\/rna.ao\/wp-content\/uploads\/2021\/04\/Flag_of_the_United_Nations-100x100.png\" alt=\"cover\">\t\t<span \t\t\tdata-qtmplayer-cover=\"https:\/\/rna.ao\/rna.ao\/wp-content\/uploads\/2021\/04\/Flag_of_the_United_Nations-370x370.png\"\n\t\t\t\t\t\tdata-qtmplayer-file=\"https:\/\/rna.ao\/rna.ao\/wp-content\/uploads\/2021\/04\/ADRIANO-BELMIRO-RELATORIO-NACIONAL-13HRS.mp3\"\n\t\t\t\t\t\tdata-qtmplayer-title=\"ONU garante apoiar Angola na erradica\u00e7\u00e3o da fome e pobreza extrena. O pa\u00eds est\u00e1 a finalizar o seu relat\u00f3rio sobre objectivo do desenvolvimento sustent\u00e1vel\"\n\t\t\t\t\t\tdata-qtmplayer-artist=\"RNA\"\n\t\t\t\t\t\tdata-qtmplayer-link=\"https:\/\/rna.ao\/rna.ao\/2021\/04\/15\/onu-garante-apoiar-angola-na-erradicacao-da-fome-e-pobreza-extrena-o-pais-esta-a-finalizar-o-seu-relatorio-sobre-objectivo-do-desenvolvimento-sustentavel\/\"\n\t\t\t\t\t\tdata-qtmplayer-icon=\"file_download\"\n\t\t\t\t\t\tdata-qtmplayer-type=\"track\"\n\t\t\t class=\"qtmplayer-play qtmplayer-link-sec qtmplayer-play-btn\"><i class='material-icons'>play_arrow<\/i><\/span>\n\t\t<p>\n\t\t\t<span class=\"qtmplayer-tit\">ONU garante apoiar Angola na erradica\u00e7\u00e3o da fome e pobreza extrena. O pa\u00eds est\u00e1 a finalizar o seu relat\u00f3rio sobre objectivo do desenvolvimento sustent\u00e1vel<\/span>\n\t\t\t<span class=\"qtmplayer-art\">RNA<\/span>\n\t\t<\/p>\n\t<\/li>\n\t\t<\/ul>\n\t<\/div>\t\t\t\n\t\n","protected":false},"excerpt":{"rendered":"<p>Angola trabalha na finaliza\u00e7\u00e3o do seu Relat\u00f3rio Nacional Volunt\u00e1rio sobre a implementa\u00e7\u00e3o dos objectivos de Desenvolvimento Sustent\u00e1vel. Quatro grupos t\u00e9cnicos trabalham\u00a0 no documento que vai ser apresentado \u00e1s Na\u00e7\u00f5es Unidas, em Julho deste ano. Segundo o Ministro da Economia e Planeamento, S\u00e9rgio Santos, a erradica\u00e7\u00e3o da fome e da extrema ...<\/p>\n","protected":false},"author":8,"featured_media":21373,"comment_status":"closed","ping_status":"closed","sticky":false,"template":"","format":"standard","meta":[],"categories":[121,163],"tags":[],"_links":{"self":[{"href":"https:\/\/rna.ao\/rna.ao\/wp-json\/wp\/v2\/posts\/21370"}],"collection":[{"href":"https:\/\/rna.ao\/rna.ao\/wp-json\/wp\/v2\/posts"}],"about":[{"href":"https:\/\/rna.ao\/rna.ao\/wp-json\/wp\/v2\/types\/post"}],"author":[{"embeddable":true,"href":"https:\/\/rna.ao\/rna.ao\/wp-json\/wp\/v2\/users\/8"}],"replies":[{"embeddable":true,"href":"https:\/\/rna.ao\/rna.ao\/wp-json\/wp\/v2\/comments?post=21370"}],"version-history":[{"count":2,"href":"https:\/\/rna.ao\/rna.ao\/wp-json\/wp\/v2\/posts\/21370\/revisions"}],"predecessor-version":[{"id":21376,"href":"https:\/\/rna.ao\/rna.ao\/wp-json\/wp\/v2\/posts\/21370\/revisions\/21376"}],"wp:featuredmedia":[{"embeddable":true,"href":"https:\/\/rna.ao\/rna.ao\/wp-json\/wp\/v2\/media\/21373"}],"wp:attachment":[{"href":"https:\/\/rna.ao\/rna.ao\/wp-json\/wp\/v2\/media?parent=21370"}],"wp:term":[{"taxonomy":"category","embeddable":true,"href":"https:\/\/rna.ao\/rna.ao\/wp-json\/wp\/v2\/categories?post=21370"},{"taxonomy":"post_tag","embeddable":true,"href":"https:\/\/rna.ao\/rna.ao\/wp-json\/wp\/v2\/tags?post=21370"}],"curies":[{"name":"wp","href":"https:\/\/api.w.org\/{rel}","templated":true}]}}