{"id":21332,"date":"2021-04-15T08:08:44","date_gmt":"2021-04-15T07:08:44","guid":{"rendered":"https:\/\/rna.ao\/rna.ao\/?p=21332"},"modified":"2021-04-15T08:08:44","modified_gmt":"2021-04-15T07:08:44","slug":"feira-do-arroz-em-camacupa-pretende-angariar-mais-de-130-milhoes-de-kwanzas-este-ano","status":"publish","type":"post","link":"https:\/\/rna.ao\/rna.ao\/2021\/04\/15\/feira-do-arroz-em-camacupa-pretende-angariar-mais-de-130-milhoes-de-kwanzas-este-ano\/","title":{"rendered":"Feira do Arroz em Camacupa pretende angariar mais de 130 milh\u00f5es de Kwanzas este ano"},"content":{"rendered":"<p><img loading=\"lazy\" class=\"size-full wp-image-21335 alignleft\" src=\"https:\/\/rna.ao\/rna.ao\/wp-content\/uploads\/2021\/04\/Arroz.jpg\" alt=\"\" width=\"282\" height=\"189\" \/>Teve in\u00edcio quarta-feira (14), na prov\u00edncia do Bi\u00e9, a segunda edi\u00e7\u00e3o da feira do Arroz, que, para 2021, pretende que do campo possa haver mais produ\u00e7\u00e3o, mais escoamento e mais renda nacional. A feira, que decorre no Munic\u00edpio do Camacupa, alberga quarenta expositores. Os promotores esperam comercializar cem toneladas e angariar mais de 130 milh\u00f5es de Kwanzas. Ou\u00e7a, abaixo, mais informa\u00e7\u00f5es com a rep\u00f3rter Julina Mango:<\/p>\n\t<div class=\"qtmplayer-playlist-large\">\n\t\t<ul class=\"qtmplayer-playlist\">\n\t\t\t\n\t\t\t\t\t<li class=\"qtmplayer-trackitem\">\n\t\t<img src=\"https:\/\/rna.ao\/rna.ao\/wp-content\/uploads\/2021\/04\/Arroz-100x100.jpg\" alt=\"cover\">\t\t<span \t\t\tdata-qtmplayer-cover=\"https:\/\/rna.ao\/rna.ao\/wp-content\/uploads\/2021\/04\/Arroz.jpg\"\n\t\t\t\t\t\tdata-qtmplayer-file=\"https:\/\/rna.ao\/rna.ao\/wp-content\/uploads\/2021\/04\/BIE-FEIRA-DO-ARROZ-7HRS.mp3\"\n\t\t\t\t\t\tdata-qtmplayer-title=\"Feira do Arroz em Camacupa pretende angariar mais de 130 milh\u00f5es de Kwanzas este ano\"\n\t\t\t\t\t\tdata-qtmplayer-artist=\"RNA\"\n\t\t\t\t\t\tdata-qtmplayer-link=\"https:\/\/rna.ao\/rna.ao\/2021\/04\/15\/feira-do-arroz-em-camacupa-pretende-angariar-mais-de-130-milhoes-de-kwanzas-este-ano\/\"\n\t\t\t\t\t\tdata-qtmplayer-icon=\"file_download\"\n\t\t\t\t\t\tdata-qtmplayer-type=\"track\"\n\t\t\t class=\"qtmplayer-play qtmplayer-link-sec qtmplayer-play-btn\"><i class='material-icons'>play_arrow<\/i><\/span>\n\t\t<p>\n\t\t\t<span class=\"qtmplayer-tit\">Feira do Arroz em Camacupa pretende angariar mais de 130 milh\u00f5es de Kwanzas este ano<\/span>\n\t\t\t<span class=\"qtmplayer-art\">RNA<\/span>\n\t\t<\/p>\n\t<\/li>\n\t\t<\/ul>\n\t<\/div>\t\t\t\n\t\n<p>Fonte: RNA<\/p>\n","protected":false},"excerpt":{"rendered":"<p>Teve in\u00edcio quarta-feira (14), na prov\u00edncia do Bi\u00e9, a segunda edi\u00e7\u00e3o da feira do Arroz, que, para 2021, pretende que do campo possa haver mais produ\u00e7\u00e3o, mais escoamento e mais renda nacional. A feira, que decorre no Munic\u00edpio do Camacupa, alberga quarenta expositores. Os promotores esperam comercializar cem toneladas e ...<\/p>\n","protected":false},"author":8,"featured_media":21335,"comment_status":"closed","ping_status":"closed","sticky":false,"template":"","format":"standard","meta":[],"categories":[121,163],"tags":[],"_links":{"self":[{"href":"https:\/\/rna.ao\/rna.ao\/wp-json\/wp\/v2\/posts\/21332"}],"collection":[{"href":"https:\/\/rna.ao\/rna.ao\/wp-json\/wp\/v2\/posts"}],"about":[{"href":"https:\/\/rna.ao\/rna.ao\/wp-json\/wp\/v2\/types\/post"}],"author":[{"embeddable":true,"href":"https:\/\/rna.ao\/rna.ao\/wp-json\/wp\/v2\/users\/8"}],"replies":[{"embeddable":true,"href":"https:\/\/rna.ao\/rna.ao\/wp-json\/wp\/v2\/comments?post=21332"}],"version-history":[{"count":1,"href":"https:\/\/rna.ao\/rna.ao\/wp-json\/wp\/v2\/posts\/21332\/revisions"}],"predecessor-version":[{"id":21336,"href":"https:\/\/rna.ao\/rna.ao\/wp-json\/wp\/v2\/posts\/21332\/revisions\/21336"}],"wp:featuredmedia":[{"embeddable":true,"href":"https:\/\/rna.ao\/rna.ao\/wp-json\/wp\/v2\/media\/21335"}],"wp:attachment":[{"href":"https:\/\/rna.ao\/rna.ao\/wp-json\/wp\/v2\/media?parent=21332"}],"wp:term":[{"taxonomy":"category","embeddable":true,"href":"https:\/\/rna.ao\/rna.ao\/wp-json\/wp\/v2\/categories?post=21332"},{"taxonomy":"post_tag","embeddable":true,"href":"https:\/\/rna.ao\/rna.ao\/wp-json\/wp\/v2\/tags?post=21332"}],"curies":[{"name":"wp","href":"https:\/\/api.w.org\/{rel}","templated":true}]}}