{"id":21325,"date":"2021-04-15T07:55:25","date_gmt":"2021-04-15T06:55:25","guid":{"rendered":"https:\/\/rna.ao\/rna.ao\/?p=21325"},"modified":"2021-04-15T08:30:01","modified_gmt":"2021-04-15T07:30:01","slug":"cuando-cubango-mais-de-80-projectos-inscritos-no-piim-entram-em-execucao-a-partir-de-maio","status":"publish","type":"post","link":"https:\/\/rna.ao\/rna.ao\/2021\/04\/15\/cuando-cubango-mais-de-80-projectos-inscritos-no-piim-entram-em-execucao-a-partir-de-maio\/","title":{"rendered":"Cuando Cubango: Mais de 80 projectos inscritos no PIIM entram em execu\u00e7\u00e3o a partir de Maio"},"content":{"rendered":"<p><img loading=\"lazy\" class=\"size-full wp-image-21330 alignleft\" src=\"https:\/\/rna.ao\/rna.ao\/wp-content\/uploads\/2021\/04\/Afonso-de-Antas-Miguel.jpg\" alt=\"\" width=\"275\" height=\"183\" \/>Na prov\u00edncia do Cuando Cubango cerca de oitenta e tr\u00eas projectos, dos duzentos e sessenta e seis, entram em execu\u00e7\u00e3o no pr\u00f3ximo m\u00eas de Maio, no \u00e2mbito do Programa Integrado de Interven\u00e7\u00e3o nos Munic\u00edpios (PIIM). Ou\u00e7a, abaixo, toda informa\u00e7\u00e3o com o rep\u00f3rter Pelicano Baptista:<\/p>\n\t<div class=\"qtmplayer-playlist-large\">\n\t\t<ul class=\"qtmplayer-playlist\">\n\t\t\t\n\t\t\t\t\t<li class=\"qtmplayer-trackitem\">\n\t\t<img src=\"https:\/\/rna.ao\/rna.ao\/wp-content\/uploads\/2021\/04\/Afonso-de-Antas-Miguel-100x100.jpg\" alt=\"cover\">\t\t<span \t\t\tdata-qtmplayer-cover=\"https:\/\/rna.ao\/rna.ao\/wp-content\/uploads\/2021\/04\/Afonso-de-Antas-Miguel.jpg\"\n\t\t\t\t\t\tdata-qtmplayer-file=\"https:\/\/rna.ao\/rna.ao\/wp-content\/uploads\/2021\/04\/CUANDO-CUBANGO-PIIM-7HRS.mp3\"\n\t\t\t\t\t\tdata-qtmplayer-title=\"Cuando Cubango: Mais de 80 projectos inscritos no PIIM entram em execu\u00e7\u00e3o a partir de Maio\"\n\t\t\t\t\t\tdata-qtmplayer-artist=\"RNA\"\n\t\t\t\t\t\tdata-qtmplayer-link=\"https:\/\/rna.ao\/rna.ao\/2021\/04\/15\/cuando-cubango-mais-de-80-projectos-inscritos-no-piim-entram-em-execucao-a-partir-de-maio\/\"\n\t\t\t\t\t\tdata-qtmplayer-icon=\"file_download\"\n\t\t\t\t\t\tdata-qtmplayer-type=\"track\"\n\t\t\t class=\"qtmplayer-play qtmplayer-link-sec qtmplayer-play-btn\"><i class='material-icons'>play_arrow<\/i><\/span>\n\t\t<p>\n\t\t\t<span class=\"qtmplayer-tit\">Cuando Cubango: Mais de 80 projectos inscritos no PIIM entram em execu\u00e7\u00e3o a partir de Maio<\/span>\n\t\t\t<span class=\"qtmplayer-art\">RNA<\/span>\n\t\t<\/p>\n\t<\/li>\n\t\t<\/ul>\n\t<\/div>\t\t\t\n\t\n<p>Fonte: RNA<\/p>\n","protected":false},"excerpt":{"rendered":"<p>Na prov\u00edncia do Cuando Cubango cerca de oitenta e tr\u00eas projectos, dos duzentos e sessenta e seis, entram em execu\u00e7\u00e3o no pr\u00f3ximo m\u00eas de Maio, no \u00e2mbito do Programa Integrado de Interven\u00e7\u00e3o nos Munic\u00edpios (PIIM). Ou\u00e7a, abaixo, toda informa\u00e7\u00e3o com o rep\u00f3rter Pelicano Baptista: Fonte: RNA<\/p>\n","protected":false},"author":8,"featured_media":21330,"comment_status":"closed","ping_status":"closed","sticky":false,"template":"","format":"standard","meta":[],"categories":[121,164,163],"tags":[],"_links":{"self":[{"href":"https:\/\/rna.ao\/rna.ao\/wp-json\/wp\/v2\/posts\/21325"}],"collection":[{"href":"https:\/\/rna.ao\/rna.ao\/wp-json\/wp\/v2\/posts"}],"about":[{"href":"https:\/\/rna.ao\/rna.ao\/wp-json\/wp\/v2\/types\/post"}],"author":[{"embeddable":true,"href":"https:\/\/rna.ao\/rna.ao\/wp-json\/wp\/v2\/users\/8"}],"replies":[{"embeddable":true,"href":"https:\/\/rna.ao\/rna.ao\/wp-json\/wp\/v2\/comments?post=21325"}],"version-history":[{"count":2,"href":"https:\/\/rna.ao\/rna.ao\/wp-json\/wp\/v2\/posts\/21325\/revisions"}],"predecessor-version":[{"id":21352,"href":"https:\/\/rna.ao\/rna.ao\/wp-json\/wp\/v2\/posts\/21325\/revisions\/21352"}],"wp:featuredmedia":[{"embeddable":true,"href":"https:\/\/rna.ao\/rna.ao\/wp-json\/wp\/v2\/media\/21330"}],"wp:attachment":[{"href":"https:\/\/rna.ao\/rna.ao\/wp-json\/wp\/v2\/media?parent=21325"}],"wp:term":[{"taxonomy":"category","embeddable":true,"href":"https:\/\/rna.ao\/rna.ao\/wp-json\/wp\/v2\/categories?post=21325"},{"taxonomy":"post_tag","embeddable":true,"href":"https:\/\/rna.ao\/rna.ao\/wp-json\/wp\/v2\/tags?post=21325"}],"curies":[{"name":"wp","href":"https:\/\/api.w.org\/{rel}","templated":true}]}}