{"id":21307,"date":"2021-04-15T06:48:43","date_gmt":"2021-04-15T05:48:43","guid":{"rendered":"https:\/\/rna.ao\/rna.ao\/?p=21307"},"modified":"2021-04-15T06:48:43","modified_gmt":"2021-04-15T05:48:43","slug":"andebol-campeao-em-titulo-interclube-joga-com-rival-1o-de-agosto-em-masculinos","status":"publish","type":"post","link":"https:\/\/rna.ao\/rna.ao\/2021\/04\/15\/andebol-campeao-em-titulo-interclube-joga-com-rival-1o-de-agosto-em-masculinos\/","title":{"rendered":"Andebol: Campe\u00e3o em t\u00edtulo Interclube joga com rival 1\u00ba de Agosto em masculinos"},"content":{"rendered":"<p><img loading=\"lazy\" class=\"size-full wp-image-21308 alignleft\" src=\"https:\/\/rna.ao\/rna.ao\/wp-content\/uploads\/2021\/04\/Interclube-vs-1o-de-Agosto-Andebol-masculino.jpg\" alt=\"\" width=\"256\" height=\"172\" \/>As equipas s\u00e9nior masculinas de andebol do Interclube e o Clube Desportivo 1\u00ba de Agosto jogam esta quinta-feira, 15 de Abril, \u00e0s 17 horas, no Pavilh\u00e3o Principal da Cidadela Desportiva, na busca da consagra\u00e7\u00e3o. A equipa dos Pol\u00edcias quer brindar a dire\u00e7\u00e3o do clube com mais uma ta\u00e7a. J\u00e1 os militares, que se encontram em &#8220;prontid\u00e3o combativa&#8221;, t\u00eam como meta a conquista do trof\u00e9u. Ou\u00e7a, abaixo, mais detalhes com a rep\u00f3rter Miriam Jai:<\/p>\n\t<div class=\"qtmplayer-playlist-large\">\n\t\t<ul class=\"qtmplayer-playlist\">\n\t\t\t\n\t\t\t\t\t<li class=\"qtmplayer-trackitem\">\n\t\t<img src=\"https:\/\/rna.ao\/rna.ao\/wp-content\/uploads\/2021\/04\/Interclube-vs-1o-de-Agosto-Andebol-masculino-100x100.jpg\" alt=\"cover\">\t\t<span \t\t\tdata-qtmplayer-cover=\"https:\/\/rna.ao\/rna.ao\/wp-content\/uploads\/2021\/04\/Interclube-vs-1o-de-Agosto-Andebol-masculino.jpg\"\n\t\t\t\t\t\tdata-qtmplayer-file=\"https:\/\/rna.ao\/rna.ao\/wp-content\/uploads\/2021\/04\/20H30-10-MIRIAN-JAI.mp3\"\n\t\t\t\t\t\tdata-qtmplayer-title=\"Andebol: Campe\u00e3o em t\u00edtulo Interclube joga com rival 1\u00ba de Agosto em masculinos\"\n\t\t\t\t\t\tdata-qtmplayer-artist=\"RNA\"\n\t\t\t\t\t\tdata-qtmplayer-link=\"https:\/\/rna.ao\/rna.ao\/2021\/04\/15\/andebol-campeao-em-titulo-interclube-joga-com-rival-1o-de-agosto-em-masculinos\/\"\n\t\t\t\t\t\tdata-qtmplayer-icon=\"file_download\"\n\t\t\t\t\t\tdata-qtmplayer-type=\"track\"\n\t\t\t class=\"qtmplayer-play qtmplayer-link-sec qtmplayer-play-btn\"><i class='material-icons'>play_arrow<\/i><\/span>\n\t\t<p>\n\t\t\t<span class=\"qtmplayer-tit\">Andebol: Campe\u00e3o em t\u00edtulo Interclube joga com rival 1\u00ba de Agosto em masculinos<\/span>\n\t\t\t<span class=\"qtmplayer-art\">RNA<\/span>\n\t\t<\/p>\n\t<\/li>\n\t\t<\/ul>\n\t<\/div>\t\t\t\n\t\n<p>Fonte: R\u00e1dio 5\/RNA<\/p>\n","protected":false},"excerpt":{"rendered":"<p>As equipas s\u00e9nior masculinas de andebol do Interclube e o Clube Desportivo 1\u00ba de Agosto jogam esta quinta-feira, 15 de Abril, \u00e0s 17 horas, no Pavilh\u00e3o Principal da Cidadela Desportiva, na busca da consagra\u00e7\u00e3o. A equipa dos Pol\u00edcias quer brindar a dire\u00e7\u00e3o do clube com mais uma ta\u00e7a. J\u00e1 os ...<\/p>\n","protected":false},"author":8,"featured_media":21308,"comment_status":"closed","ping_status":"closed","sticky":false,"template":"","format":"standard","meta":[],"categories":[145,125,164],"tags":[],"_links":{"self":[{"href":"https:\/\/rna.ao\/rna.ao\/wp-json\/wp\/v2\/posts\/21307"}],"collection":[{"href":"https:\/\/rna.ao\/rna.ao\/wp-json\/wp\/v2\/posts"}],"about":[{"href":"https:\/\/rna.ao\/rna.ao\/wp-json\/wp\/v2\/types\/post"}],"author":[{"embeddable":true,"href":"https:\/\/rna.ao\/rna.ao\/wp-json\/wp\/v2\/users\/8"}],"replies":[{"embeddable":true,"href":"https:\/\/rna.ao\/rna.ao\/wp-json\/wp\/v2\/comments?post=21307"}],"version-history":[{"count":1,"href":"https:\/\/rna.ao\/rna.ao\/wp-json\/wp\/v2\/posts\/21307\/revisions"}],"predecessor-version":[{"id":21310,"href":"https:\/\/rna.ao\/rna.ao\/wp-json\/wp\/v2\/posts\/21307\/revisions\/21310"}],"wp:featuredmedia":[{"embeddable":true,"href":"https:\/\/rna.ao\/rna.ao\/wp-json\/wp\/v2\/media\/21308"}],"wp:attachment":[{"href":"https:\/\/rna.ao\/rna.ao\/wp-json\/wp\/v2\/media?parent=21307"}],"wp:term":[{"taxonomy":"category","embeddable":true,"href":"https:\/\/rna.ao\/rna.ao\/wp-json\/wp\/v2\/categories?post=21307"},{"taxonomy":"post_tag","embeddable":true,"href":"https:\/\/rna.ao\/rna.ao\/wp-json\/wp\/v2\/tags?post=21307"}],"curies":[{"name":"wp","href":"https:\/\/api.w.org\/{rel}","templated":true}]}}