{"id":21193,"date":"2021-04-13T14:28:06","date_gmt":"2021-04-13T13:28:06","guid":{"rendered":"https:\/\/rna.ao\/rna.ao\/?p=21193"},"modified":"2021-04-14T08:46:45","modified_gmt":"2021-04-14T07:46:45","slug":"populacao-carenciada-do-cunene-vai-receber-bens-diversos-numa-iniciativa-presidencial","status":"publish","type":"post","link":"https:\/\/rna.ao\/rna.ao\/2021\/04\/13\/populacao-carenciada-do-cunene-vai-receber-bens-diversos-numa-iniciativa-presidencial\/","title":{"rendered":"Popula\u00e7\u00e3o carenciada do Cunene vai receber bens diversos numa iniciativa presidencial"},"content":{"rendered":"<p><img loading=\"lazy\" class=\"size-full wp-image-21194 alignleft\" src=\"https:\/\/rna.ao\/rna.ao\/wp-content\/uploads\/2021\/04\/Produtos-alimentares-diversos.jpg\" alt=\"\" width=\"537\" height=\"345\" \/>A popula\u00e7\u00e3o afectada pela seca, na Prov\u00edncia do Cunene, recebe esta ter\u00e7a-feira, 13 de Abril, bens alimentares e roupas, uma doa\u00e7\u00e3o de iniciativa presidencial.<\/p>\n<p>Nesta manh\u00e3 partiu, de Luanda para aquela prov\u00edncia, uma aeronave com mais de trita toneladas de bens diversos. Nesta altura est\u00e1, tamb\u00e9m, j\u00e1 a caminho para o sul de Angola uma coluna rodovi\u00e1ria, com o mesmo prop\u00f3sito, levando bens de primeira necessidade \u00e0s fam\u00edlias mais carenciadas.<\/p>\n<p>Fonte: RNA<\/p>\n","protected":false},"excerpt":{"rendered":"<p>A popula\u00e7\u00e3o afectada pela seca, na Prov\u00edncia do Cunene, recebe esta ter\u00e7a-feira, 13 de Abril, bens alimentares e roupas, uma doa\u00e7\u00e3o de iniciativa presidencial. Nesta manh\u00e3 partiu, de Luanda para aquela prov\u00edncia, uma aeronave com mais de trita toneladas de bens diversos. Nesta altura est\u00e1, tamb\u00e9m, j\u00e1 a caminho para ...<\/p>\n","protected":false},"author":8,"featured_media":21194,"comment_status":"closed","ping_status":"closed","sticky":false,"template":"","format":"standard","meta":[],"categories":[121,164,163],"tags":[],"_links":{"self":[{"href":"https:\/\/rna.ao\/rna.ao\/wp-json\/wp\/v2\/posts\/21193"}],"collection":[{"href":"https:\/\/rna.ao\/rna.ao\/wp-json\/wp\/v2\/posts"}],"about":[{"href":"https:\/\/rna.ao\/rna.ao\/wp-json\/wp\/v2\/types\/post"}],"author":[{"embeddable":true,"href":"https:\/\/rna.ao\/rna.ao\/wp-json\/wp\/v2\/users\/8"}],"replies":[{"embeddable":true,"href":"https:\/\/rna.ao\/rna.ao\/wp-json\/wp\/v2\/comments?post=21193"}],"version-history":[{"count":1,"href":"https:\/\/rna.ao\/rna.ao\/wp-json\/wp\/v2\/posts\/21193\/revisions"}],"predecessor-version":[{"id":21195,"href":"https:\/\/rna.ao\/rna.ao\/wp-json\/wp\/v2\/posts\/21193\/revisions\/21195"}],"wp:featuredmedia":[{"embeddable":true,"href":"https:\/\/rna.ao\/rna.ao\/wp-json\/wp\/v2\/media\/21194"}],"wp:attachment":[{"href":"https:\/\/rna.ao\/rna.ao\/wp-json\/wp\/v2\/media?parent=21193"}],"wp:term":[{"taxonomy":"category","embeddable":true,"href":"https:\/\/rna.ao\/rna.ao\/wp-json\/wp\/v2\/categories?post=21193"},{"taxonomy":"post_tag","embeddable":true,"href":"https:\/\/rna.ao\/rna.ao\/wp-json\/wp\/v2\/tags?post=21193"}],"curies":[{"name":"wp","href":"https:\/\/api.w.org\/{rel}","templated":true}]}}