{"id":21187,"date":"2021-04-13T14:34:41","date_gmt":"2021-04-13T13:34:41","guid":{"rendered":"https:\/\/rna.ao\/rna.ao\/?p=21187"},"modified":"2021-04-13T14:34:41","modified_gmt":"2021-04-13T13:34:41","slug":"empresas-de-recolha-de-lixo-reconhecem-incapacidade-tecnica-para-limpar-a-capital-do-pais","status":"publish","type":"post","link":"https:\/\/rna.ao\/rna.ao\/2021\/04\/13\/empresas-de-recolha-de-lixo-reconhecem-incapacidade-tecnica-para-limpar-a-capital-do-pais\/","title":{"rendered":"Empresas de recolha de lixo reconhecem incapacidade t\u00e9cnica para limpar a capital do pa\u00eds"},"content":{"rendered":"<p><img loading=\"lazy\" class=\" wp-image-7654 alignleft\" src=\"https:\/\/rna.ao\/rna.ao\/wp-content\/uploads\/2020\/10\/recolha-de-lixo.jpg\" alt=\"\" width=\"522\" height=\"332\" \/>As empresas de recolha de lixo, na Prov\u00edncia de Luanda, reconhecem que ainda n\u00e3o t\u00eam capacidade t\u00e9cnica, para efectuar o trabalho. Passados alguns dias, depois da assinatura dos contractos, entre estas e o Governo da Prov\u00edncia de Luanda, pouco, ou quase nada, mudou em termos de recolha de lixo. Os cidad\u00e3os temem o surgimento de doen\u00e7as como a c\u00f3lera, e exigem esclarecimento do Governo Provincial sobre a situa\u00e7\u00e3o. Clique no \u00e1udio, abaixo, e ou\u00e7a com mais desenvolvimento na reportagem da Ana Mo\u00e7ambique:<\/p>\n\t<div class=\"qtmplayer-playlist-large\">\n\t\t<ul class=\"qtmplayer-playlist\">\n\t\t\t\n\t\t\t\t\t<li class=\"qtmplayer-trackitem\">\n\t\t<img src=\"https:\/\/rna.ao\/rna.ao\/wp-content\/uploads\/2021\/02\/Lixo-1-100x100.jpg\" alt=\"cover\">\t\t<span \t\t\tdata-qtmplayer-cover=\"https:\/\/rna.ao\/rna.ao\/wp-content\/uploads\/2021\/02\/Lixo-1-370x370.jpg\"\n\t\t\t\t\t\tdata-qtmplayer-file=\"https:\/\/rna.ao\/rna.ao\/wp-content\/uploads\/2021\/04\/ANA-MOCAMBIQUE-13-04-21.mp3\"\n\t\t\t\t\t\tdata-qtmplayer-title=\"Empresas de recolha de lixo reconhecem incapacidade t\u00e9cnica para limpar a capital do pa\u00eds\"\n\t\t\t\t\t\tdata-qtmplayer-artist=\"RNA\"\n\t\t\t\t\t\tdata-qtmplayer-link=\"https:\/\/rna.ao\/rna.ao\/2021\/04\/13\/empresas-de-recolha-de-lixo-reconhecem-incapacidade-tecnica-para-limpar-a-capital-do-pais\/\"\n\t\t\t\t\t\tdata-qtmplayer-icon=\"file_download\"\n\t\t\t\t\t\tdata-qtmplayer-type=\"track\"\n\t\t\t class=\"qtmplayer-play qtmplayer-link-sec qtmplayer-play-btn\"><i class='material-icons'>play_arrow<\/i><\/span>\n\t\t<p>\n\t\t\t<span class=\"qtmplayer-tit\">Empresas de recolha de lixo reconhecem incapacidade t\u00e9cnica para limpar a capital do pa\u00eds<\/span>\n\t\t\t<span class=\"qtmplayer-art\">RNA<\/span>\n\t\t<\/p>\n\t<\/li>\n\t\t<\/ul>\n\t<\/div>\t\t\t\n\t\n<p>Fonte: RNA<\/p>\n","protected":false},"excerpt":{"rendered":"<p>As empresas de recolha de lixo, na Prov\u00edncia de Luanda, reconhecem que ainda n\u00e3o t\u00eam capacidade t\u00e9cnica, para efectuar o trabalho. Passados alguns dias, depois da assinatura dos contractos, entre estas e o Governo da Prov\u00edncia de Luanda, pouco, ou quase nada, mudou em termos de recolha de lixo. Os ...<\/p>\n","protected":false},"author":8,"featured_media":17650,"comment_status":"closed","ping_status":"closed","sticky":false,"template":"","format":"standard","meta":[],"categories":[141,133,163],"tags":[],"_links":{"self":[{"href":"https:\/\/rna.ao\/rna.ao\/wp-json\/wp\/v2\/posts\/21187"}],"collection":[{"href":"https:\/\/rna.ao\/rna.ao\/wp-json\/wp\/v2\/posts"}],"about":[{"href":"https:\/\/rna.ao\/rna.ao\/wp-json\/wp\/v2\/types\/post"}],"author":[{"embeddable":true,"href":"https:\/\/rna.ao\/rna.ao\/wp-json\/wp\/v2\/users\/8"}],"replies":[{"embeddable":true,"href":"https:\/\/rna.ao\/rna.ao\/wp-json\/wp\/v2\/comments?post=21187"}],"version-history":[{"count":1,"href":"https:\/\/rna.ao\/rna.ao\/wp-json\/wp\/v2\/posts\/21187\/revisions"}],"predecessor-version":[{"id":21192,"href":"https:\/\/rna.ao\/rna.ao\/wp-json\/wp\/v2\/posts\/21187\/revisions\/21192"}],"wp:featuredmedia":[{"embeddable":true,"href":"https:\/\/rna.ao\/rna.ao\/wp-json\/wp\/v2\/media\/17650"}],"wp:attachment":[{"href":"https:\/\/rna.ao\/rna.ao\/wp-json\/wp\/v2\/media?parent=21187"}],"wp:term":[{"taxonomy":"category","embeddable":true,"href":"https:\/\/rna.ao\/rna.ao\/wp-json\/wp\/v2\/categories?post=21187"},{"taxonomy":"post_tag","embeddable":true,"href":"https:\/\/rna.ao\/rna.ao\/wp-json\/wp\/v2\/tags?post=21187"}],"curies":[{"name":"wp","href":"https:\/\/api.w.org\/{rel}","templated":true}]}}