{"id":21183,"date":"2021-04-13T14:31:49","date_gmt":"2021-04-13T13:31:49","guid":{"rendered":"https:\/\/rna.ao\/rna.ao\/?p=21183"},"modified":"2021-04-14T08:46:52","modified_gmt":"2021-04-14T07:46:52","slug":"bengo-utentes-de-terras-sem-aproveitamento-tem-15-dias-para-regularizarem-a-posse-e-uso-devido","status":"publish","type":"post","link":"https:\/\/rna.ao\/rna.ao\/2021\/04\/13\/bengo-utentes-de-terras-sem-aproveitamento-tem-15-dias-para-regularizarem-a-posse-e-uso-devido\/","title":{"rendered":"Bengo: Utentes de terras sem aproveitamento t\u00eam 15 dias para regularizarem a posse e uso devido"},"content":{"rendered":"<p><img loading=\"lazy\" class=\"size-full wp-image-21189 alignleft\" src=\"https:\/\/rna.ao\/rna.ao\/wp-content\/uploads\/2021\/04\/Marcelina-Gomes-Mateus.jpg\" alt=\"\" width=\"319\" height=\"158\" \/>Mais de oitocentas concess\u00f5es de terras duvidosas, foram identificadas na Prov\u00edncia do Bengo. A Administra\u00e7\u00e3o de Quicabo, no Dande, preocupada com a situa\u00e7\u00e3o, deu um prazo de quinze dias, para que os supostos propriet\u00e1rios das terras provem a veracidade dos documentos. Naquela regi\u00e3o muitos terrenos est\u00e3o sem qualquer aproveitamento. Ou\u00e7a, abaixo, mais informa\u00e7\u00f5es com o rep\u00f3rter Eduardo Mota:<\/p>\n\t<div class=\"qtmplayer-playlist-large\">\n\t\t<ul class=\"qtmplayer-playlist\">\n\t\t\t\n\t\t\t\t\t<li class=\"qtmplayer-trackitem\">\n\t\t<img src=\"https:\/\/rna.ao\/rna.ao\/wp-content\/uploads\/2021\/04\/Marcelina-Gomes-Mateus-100x100.jpg\" alt=\"cover\">\t\t<span \t\t\tdata-qtmplayer-cover=\"https:\/\/rna.ao\/rna.ao\/wp-content\/uploads\/2021\/04\/Marcelina-Gomes-Mateus.jpg\"\n\t\t\t\t\t\tdata-qtmplayer-file=\"https:\/\/rna.ao\/rna.ao\/wp-content\/uploads\/2021\/04\/EDUARDO-MOTA-13-04-21.mp3\"\n\t\t\t\t\t\tdata-qtmplayer-title=\"Bengo: Utentes de terras sem aproveitamento t\u00eam 15 dias para regularizarem a posse e uso devido\"\n\t\t\t\t\t\tdata-qtmplayer-artist=\"RNA\"\n\t\t\t\t\t\tdata-qtmplayer-link=\"https:\/\/rna.ao\/rna.ao\/2021\/04\/13\/bengo-utentes-de-terras-sem-aproveitamento-tem-15-dias-para-regularizarem-a-posse-e-uso-devido\/\"\n\t\t\t\t\t\tdata-qtmplayer-icon=\"file_download\"\n\t\t\t\t\t\tdata-qtmplayer-type=\"track\"\n\t\t\t class=\"qtmplayer-play qtmplayer-link-sec qtmplayer-play-btn\"><i class='material-icons'>play_arrow<\/i><\/span>\n\t\t<p>\n\t\t\t<span class=\"qtmplayer-tit\">Bengo: Utentes de terras sem aproveitamento t\u00eam 15 dias para regularizarem a posse e uso devido<\/span>\n\t\t\t<span class=\"qtmplayer-art\">RNA<\/span>\n\t\t<\/p>\n\t<\/li>\n\t\t<\/ul>\n\t<\/div>\t\t\t\n\t\n<p>Fonte: RNA<\/p>\n","protected":false},"excerpt":{"rendered":"<p>Mais de oitocentas concess\u00f5es de terras duvidosas, foram identificadas na Prov\u00edncia do Bengo. A Administra\u00e7\u00e3o de Quicabo, no Dande, preocupada com a situa\u00e7\u00e3o, deu um prazo de quinze dias, para que os supostos propriet\u00e1rios das terras provem a veracidade dos documentos. Naquela regi\u00e3o muitos terrenos est\u00e3o sem qualquer aproveitamento. Ou\u00e7a, ...<\/p>\n","protected":false},"author":8,"featured_media":21189,"comment_status":"closed","ping_status":"closed","sticky":false,"template":"","format":"standard","meta":[],"categories":[121,164,163],"tags":[],"_links":{"self":[{"href":"https:\/\/rna.ao\/rna.ao\/wp-json\/wp\/v2\/posts\/21183"}],"collection":[{"href":"https:\/\/rna.ao\/rna.ao\/wp-json\/wp\/v2\/posts"}],"about":[{"href":"https:\/\/rna.ao\/rna.ao\/wp-json\/wp\/v2\/types\/post"}],"author":[{"embeddable":true,"href":"https:\/\/rna.ao\/rna.ao\/wp-json\/wp\/v2\/users\/8"}],"replies":[{"embeddable":true,"href":"https:\/\/rna.ao\/rna.ao\/wp-json\/wp\/v2\/comments?post=21183"}],"version-history":[{"count":2,"href":"https:\/\/rna.ao\/rna.ao\/wp-json\/wp\/v2\/posts\/21183\/revisions"}],"predecessor-version":[{"id":21196,"href":"https:\/\/rna.ao\/rna.ao\/wp-json\/wp\/v2\/posts\/21183\/revisions\/21196"}],"wp:featuredmedia":[{"embeddable":true,"href":"https:\/\/rna.ao\/rna.ao\/wp-json\/wp\/v2\/media\/21189"}],"wp:attachment":[{"href":"https:\/\/rna.ao\/rna.ao\/wp-json\/wp\/v2\/media?parent=21183"}],"wp:term":[{"taxonomy":"category","embeddable":true,"href":"https:\/\/rna.ao\/rna.ao\/wp-json\/wp\/v2\/categories?post=21183"},{"taxonomy":"post_tag","embeddable":true,"href":"https:\/\/rna.ao\/rna.ao\/wp-json\/wp\/v2\/tags?post=21183"}],"curies":[{"name":"wp","href":"https:\/\/api.w.org\/{rel}","templated":true}]}}