{"id":210853,"date":"2026-03-17T19:53:13","date_gmt":"2026-03-17T18:53:13","guid":{"rendered":"https:\/\/rna.ao\/rna.ao\/?p=210853"},"modified":"2026-03-17T19:53:13","modified_gmt":"2026-03-17T18:53:13","slug":"vice-presidente-do-mpla-recebe-em-audiencia-varios-embaixadores","status":"publish","type":"post","link":"https:\/\/rna.ao\/rna.ao\/2026\/03\/17\/vice-presidente-do-mpla-recebe-em-audiencia-varios-embaixadores\/","title":{"rendered":"Vice-Presidente do MPLA recebe em audi\u00eancia v\u00e1rios embaixadores"},"content":{"rendered":"<p><img loading=\"lazy\" class=\"alignnone size-medium wp-image-210855\" src=\"https:\/\/rna.ao\/rna.ao\/wp-content\/uploads\/2026\/03\/IMG_6576-770x386.jpeg\" alt=\"\" width=\"770\" height=\"386\" srcset=\"https:\/\/rna.ao\/rna.ao\/wp-content\/uploads\/2026\/03\/IMG_6576-770x386.jpeg 770w, https:\/\/rna.ao\/rna.ao\/wp-content\/uploads\/2026\/03\/IMG_6576-1170x586.jpeg 1170w, https:\/\/rna.ao\/rna.ao\/wp-content\/uploads\/2026\/03\/IMG_6576-768x385.jpeg 768w, https:\/\/rna.ao\/rna.ao\/wp-content\/uploads\/2026\/03\/IMG_6576.jpeg 1174w\" sizes=\"(max-width: 770px) 100vw, 770px\" \/>A Vice-Presidente do MPLA, Mara Quiosa, recebeu na manh\u00e3, desta ter\u00e7a-feira, em audi\u00eancias separadas, os embaixadores da Su\u00ed\u00e7a, da Fran\u00e7a, da It\u00e1lia, da C\u00f4te d\u2019Ivoire e de Mo\u00e7ambique.<\/p>\n<p>V\u00e1rios assuntos de interesse comum dominaram as audi\u00eancias. Jornalista Ant\u00f3nio Pinto. Clique no \u00e1udio e ou\u00e7a:<\/p>\n\t<div class=\"qtmplayer-playlist-large\">\n\t\t<ul class=\"qtmplayer-playlist\">\n\t\t\t\n\t\t\t\t\t<li class=\"qtmplayer-trackitem\">\n\t\t<img src=\"https:\/\/rna.ao\/rna.ao\/wp-content\/uploads\/2026\/03\/IMG_6575-100x100.jpeg\" alt=\"cover\">\t\t<span \t\t\tdata-qtmplayer-cover=\"https:\/\/rna.ao\/rna.ao\/wp-content\/uploads\/2026\/03\/IMG_6575-370x370.jpeg\"\n\t\t\t\t\t\tdata-qtmplayer-file=\"https:\/\/rna.ao\/rna.ao\/wp-content\/uploads\/2026\/03\/ANTONIO-PINTO-13HRS.mp3\"\n\t\t\t\t\t\tdata-qtmplayer-title=\"Vice-Presidente do MPLA recebe em audi\u00eancia v\u00e1rios embaixadores\"\n\t\t\t\t\t\tdata-qtmplayer-artist=\"Juliana Nunes\"\n\t\t\t\t\t\tdata-qtmplayer-link=\"https:\/\/rna.ao\/rna.ao\/2026\/03\/17\/vice-presidente-do-mpla-recebe-em-audiencia-varios-embaixadores\/\"\n\t\t\t\t\t\tdata-qtmplayer-icon=\"file_download\"\n\t\t\t\t\t\tdata-qtmplayer-type=\"track\"\n\t\t\t class=\"qtmplayer-play qtmplayer-link-sec qtmplayer-play-btn\"><i class='material-icons'>play_arrow<\/i><\/span>\n\t\t<p>\n\t\t\t<span class=\"qtmplayer-tit\">Vice-Presidente do MPLA recebe em audi\u00eancia v\u00e1rios embaixadores<\/span>\n\t\t\t<span class=\"qtmplayer-art\">Juliana Nunes<\/span>\n\t\t<\/p>\n\t<\/li>\n\t\t<\/ul>\n\t<\/div>\t\t\t\n\t\n","protected":false},"excerpt":{"rendered":"<p>A Vice-Presidente do MPLA, Mara Quiosa, recebeu na manh\u00e3, desta ter\u00e7a-feira, em audi\u00eancias separadas, os embaixadores da Su\u00ed\u00e7a, da Fran\u00e7a, da It\u00e1lia, da C\u00f4te d\u2019Ivoire e de Mo\u00e7ambique. V\u00e1rios assuntos de interesse comum dominaram as audi\u00eancias. Jornalista Ant\u00f3nio Pinto. Clique no \u00e1udio e ou\u00e7a:<\/p>\n","protected":false},"author":16,"featured_media":210854,"comment_status":"closed","ping_status":"closed","sticky":false,"template":"","format":"standard","meta":[],"categories":[142,121,164,1],"tags":[],"_links":{"self":[{"href":"https:\/\/rna.ao\/rna.ao\/wp-json\/wp\/v2\/posts\/210853"}],"collection":[{"href":"https:\/\/rna.ao\/rna.ao\/wp-json\/wp\/v2\/posts"}],"about":[{"href":"https:\/\/rna.ao\/rna.ao\/wp-json\/wp\/v2\/types\/post"}],"author":[{"embeddable":true,"href":"https:\/\/rna.ao\/rna.ao\/wp-json\/wp\/v2\/users\/16"}],"replies":[{"embeddable":true,"href":"https:\/\/rna.ao\/rna.ao\/wp-json\/wp\/v2\/comments?post=210853"}],"version-history":[{"count":1,"href":"https:\/\/rna.ao\/rna.ao\/wp-json\/wp\/v2\/posts\/210853\/revisions"}],"predecessor-version":[{"id":210857,"href":"https:\/\/rna.ao\/rna.ao\/wp-json\/wp\/v2\/posts\/210853\/revisions\/210857"}],"wp:featuredmedia":[{"embeddable":true,"href":"https:\/\/rna.ao\/rna.ao\/wp-json\/wp\/v2\/media\/210854"}],"wp:attachment":[{"href":"https:\/\/rna.ao\/rna.ao\/wp-json\/wp\/v2\/media?parent=210853"}],"wp:term":[{"taxonomy":"category","embeddable":true,"href":"https:\/\/rna.ao\/rna.ao\/wp-json\/wp\/v2\/categories?post=210853"},{"taxonomy":"post_tag","embeddable":true,"href":"https:\/\/rna.ao\/rna.ao\/wp-json\/wp\/v2\/tags?post=210853"}],"curies":[{"name":"wp","href":"https:\/\/api.w.org\/{rel}","templated":true}]}}