{"id":210836,"date":"2026-03-17T19:19:59","date_gmt":"2026-03-17T18:19:59","guid":{"rendered":"https:\/\/rna.ao\/rna.ao\/?p=210836"},"modified":"2026-03-17T19:26:10","modified_gmt":"2026-03-17T18:26:10","slug":"impactos-sociais-e-economicos-da-vandalizacao-de-bens-e-servicos-publicos-vao-a-discussao-amanha-em-luanda","status":"publish","type":"post","link":"https:\/\/rna.ao\/rna.ao\/2026\/03\/17\/impactos-sociais-e-economicos-da-vandalizacao-de-bens-e-servicos-publicos-vao-a-discussao-amanha-em-luanda\/","title":{"rendered":"Impactos sociais e econ\u00f3micos da vandaliza\u00e7\u00e3o de bens e servi\u00e7os p\u00fablicos v\u00e3o \u00e0 discuss\u00e3o amanh\u00e3 em Luanda"},"content":{"rendered":"<p><img loading=\"lazy\" class=\"alignnone size-medium wp-image-210837\" src=\"https:\/\/rna.ao\/rna.ao\/wp-content\/uploads\/2026\/03\/IMG_6570-770x432.jpeg\" alt=\"\" width=\"770\" height=\"432\" srcset=\"https:\/\/rna.ao\/rna.ao\/wp-content\/uploads\/2026\/03\/IMG_6570-770x432.jpeg 770w, https:\/\/rna.ao\/rna.ao\/wp-content\/uploads\/2026\/03\/IMG_6570-768x431.jpeg 768w, https:\/\/rna.ao\/rna.ao\/wp-content\/uploads\/2026\/03\/IMG_6570.jpeg 900w\" sizes=\"(max-width: 770px) 100vw, 770px\" \/>O governo re\u00fane esta quarta-feira parceiros da sociedade civil e pol\u00edticos para discutir os impactos sociais e econ\u00f3micos da vandaliza\u00e7\u00e3o de bens e servi\u00e7os p\u00fablicos.<\/p>\n<p>Durante o encontro, os participantes v\u00e3o avaliar a real dimens\u00e3o do vandalismo e discutir medidas legais capazes de garantir a preserva\u00e7\u00e3o do patrim\u00f3nio colectivo, assim como buscar solu\u00e7\u00f5es concretas para um problema que afecta directamente a popula\u00e7\u00e3o angolana. Jornalista Ant\u00f3nio Chocolate. Clique no \u00e1udio e ou\u00e7a:<\/p>\n\t<div class=\"qtmplayer-playlist-large\">\n\t\t<ul class=\"qtmplayer-playlist\">\n\t\t\t\n\t\t\t\t\t<li class=\"qtmplayer-trackitem\">\n\t\t<img src=\"https:\/\/rna.ao\/rna.ao\/wp-content\/uploads\/2026\/03\/2d39f94d-4000-46ff-a303-0a66f7cfcf4f-100x100.jpeg\" alt=\"cover\">\t\t<span \t\t\tdata-qtmplayer-cover=\"https:\/\/rna.ao\/rna.ao\/wp-content\/uploads\/2026\/03\/2d39f94d-4000-46ff-a303-0a66f7cfcf4f-370x370.jpeg\"\n\t\t\t\t\t\tdata-qtmplayer-file=\"https:\/\/rna.ao\/rna.ao\/wp-content\/uploads\/2026\/03\/ANTONIO-CHOCOLATE-COLOQUIO-13HRS.mp3\"\n\t\t\t\t\t\tdata-qtmplayer-title=\"Impactos sociais e econ\u00f3micos da vandaliza\u00e7\u00e3o de bens e servi\u00e7os p\u00fablicos v\u00e3o \u00e0 discuss\u00e3o amanh\u00e3 em Luanda\"\n\t\t\t\t\t\tdata-qtmplayer-artist=\"Juliana Nunes\"\n\t\t\t\t\t\tdata-qtmplayer-link=\"https:\/\/rna.ao\/rna.ao\/2026\/03\/17\/impactos-sociais-e-economicos-da-vandalizacao-de-bens-e-servicos-publicos-vao-a-discussao-amanha-em-luanda\/\"\n\t\t\t\t\t\tdata-qtmplayer-icon=\"file_download\"\n\t\t\t\t\t\tdata-qtmplayer-type=\"track\"\n\t\t\t class=\"qtmplayer-play qtmplayer-link-sec qtmplayer-play-btn\"><i class='material-icons'>play_arrow<\/i><\/span>\n\t\t<p>\n\t\t\t<span class=\"qtmplayer-tit\">Impactos sociais e econ\u00f3micos da vandaliza\u00e7\u00e3o de bens e servi\u00e7os p\u00fablicos v\u00e3o \u00e0 discuss\u00e3o amanh\u00e3 em Luanda<\/span>\n\t\t\t<span class=\"qtmplayer-art\">Juliana Nunes<\/span>\n\t\t<\/p>\n\t<\/li>\n\t\t<\/ul>\n\t<\/div>\t\t\t\n\t\n","protected":false},"excerpt":{"rendered":"<p>O governo re\u00fane esta quarta-feira parceiros da sociedade civil e pol\u00edticos para discutir os impactos sociais e econ\u00f3micos da vandaliza\u00e7\u00e3o de bens e servi\u00e7os p\u00fablicos. Durante o encontro, os participantes v\u00e3o avaliar a real dimens\u00e3o do vandalismo e discutir medidas legais capazes de garantir a preserva\u00e7\u00e3o do patrim\u00f3nio colectivo, assim ...<\/p>\n","protected":false},"author":16,"featured_media":210838,"comment_status":"closed","ping_status":"closed","sticky":false,"template":"","format":"standard","meta":[],"categories":[142,121,164,163],"tags":[],"_links":{"self":[{"href":"https:\/\/rna.ao\/rna.ao\/wp-json\/wp\/v2\/posts\/210836"}],"collection":[{"href":"https:\/\/rna.ao\/rna.ao\/wp-json\/wp\/v2\/posts"}],"about":[{"href":"https:\/\/rna.ao\/rna.ao\/wp-json\/wp\/v2\/types\/post"}],"author":[{"embeddable":true,"href":"https:\/\/rna.ao\/rna.ao\/wp-json\/wp\/v2\/users\/16"}],"replies":[{"embeddable":true,"href":"https:\/\/rna.ao\/rna.ao\/wp-json\/wp\/v2\/comments?post=210836"}],"version-history":[{"count":3,"href":"https:\/\/rna.ao\/rna.ao\/wp-json\/wp\/v2\/posts\/210836\/revisions"}],"predecessor-version":[{"id":210842,"href":"https:\/\/rna.ao\/rna.ao\/wp-json\/wp\/v2\/posts\/210836\/revisions\/210842"}],"wp:featuredmedia":[{"embeddable":true,"href":"https:\/\/rna.ao\/rna.ao\/wp-json\/wp\/v2\/media\/210838"}],"wp:attachment":[{"href":"https:\/\/rna.ao\/rna.ao\/wp-json\/wp\/v2\/media?parent=210836"}],"wp:term":[{"taxonomy":"category","embeddable":true,"href":"https:\/\/rna.ao\/rna.ao\/wp-json\/wp\/v2\/categories?post=210836"},{"taxonomy":"post_tag","embeddable":true,"href":"https:\/\/rna.ao\/rna.ao\/wp-json\/wp\/v2\/tags?post=210836"}],"curies":[{"name":"wp","href":"https:\/\/api.w.org\/{rel}","templated":true}]}}