{"id":210832,"date":"2026-03-17T18:55:12","date_gmt":"2026-03-17T17:55:12","guid":{"rendered":"https:\/\/rna.ao\/rna.ao\/?p=210832"},"modified":"2026-03-17T18:55:12","modified_gmt":"2026-03-17T17:55:12","slug":"ministerio-das-relacoes-exteriores-lamenta-morte-do-embaixador-rui-mangueira","status":"publish","type":"post","link":"https:\/\/rna.ao\/rna.ao\/2026\/03\/17\/ministerio-das-relacoes-exteriores-lamenta-morte-do-embaixador-rui-mangueira\/","title":{"rendered":"Minist\u00e9rio das Rela\u00e7\u00f5es Exteriores lamenta morte do embaixador Rui Mangueira"},"content":{"rendered":"<p><img loading=\"lazy\" class=\"alignnone size-medium wp-image-210833\" src=\"https:\/\/rna.ao\/rna.ao\/wp-content\/uploads\/2026\/03\/ea1c925a-9a39-4023-b13c-30d6eded9dc7-585x770.jpeg\" alt=\"\" width=\"585\" height=\"770\" srcset=\"https:\/\/rna.ao\/rna.ao\/wp-content\/uploads\/2026\/03\/ea1c925a-9a39-4023-b13c-30d6eded9dc7-585x770.jpeg 585w, https:\/\/rna.ao\/rna.ao\/wp-content\/uploads\/2026\/03\/ea1c925a-9a39-4023-b13c-30d6eded9dc7-889x1170.jpeg 889w, https:\/\/rna.ao\/rna.ao\/wp-content\/uploads\/2026\/03\/ea1c925a-9a39-4023-b13c-30d6eded9dc7-768x1010.jpeg 768w, https:\/\/rna.ao\/rna.ao\/wp-content\/uploads\/2026\/03\/ea1c925a-9a39-4023-b13c-30d6eded9dc7.jpeg 973w\" sizes=\"(max-width: 585px) 100vw, 585px\" \/><\/p>\n<p>O Minist\u00e9rio das Rela\u00e7\u00f5es Exteriores manifestou profundo pesar pelo falecimento do embaixador Rui Jorge Carneiro Mangueira, ocorrido na tarde desta ter\u00e7a-feira, 17 de Mar\u00e7o, em Pamplona, Espanha, aos 63 anos de idade, v\u00edtima de doen\u00e7a.<\/p>\n<p>Em nota de condol\u00eancias, o MIREX destaca que Rui Mangueira foi um diplomata distinto e servidor p\u00fablico de elevado m\u00e9rito, reconhecido pela sua dedica\u00e7\u00e3o \u00e0 causa nacional, compet\u00eancia profissional e elevado sentido de Estado.<\/p>\n<p>Durante a sua traject\u00f3ria, o malogrado desempenhou fun\u00e7\u00f5es como Embaixador de Angola no Reino Unido da Gr\u00e3-Bretanha e Irlanda do Norte, onde se destacou pela capacidade de representa\u00e7\u00e3o e promo\u00e7\u00e3o dos interesses do pa\u00eds no exterior.<\/p>\n<p>Rui Mangueira exerceu igualmente os cargos de Ministro da Justi\u00e7a e dos Direitos Humanos e de Presidente do Conselho de Administra\u00e7\u00e3o do Banco de Fomento Exterior, contribuindo para o fortalecimento institucional e desenvolvimento nacional.<\/p>\n<p>Neste momento de luto, o Minist\u00e9rio das Rela\u00e7\u00f5es Exteriores enaltece as qualidades humanas e profissionais do diplomata, sublinhando que a sua mem\u00f3ria permanecer\u00e1 como exemplo de dedica\u00e7\u00e3o, integridade e patriotismo.<\/p>\n<p>\u00c0 fam\u00edlia enlutada, amigos e colegas, o MIREX apresenta as mais sentidas condol\u00eancias, manifestando solidariedade pela irrepar\u00e1vel perda.<\/p>\n","protected":false},"excerpt":{"rendered":"<p>O Minist\u00e9rio das Rela\u00e7\u00f5es Exteriores manifestou profundo pesar pelo falecimento do embaixador Rui Jorge Carneiro Mangueira, ocorrido na tarde desta ter\u00e7a-feira, 17 de Mar\u00e7o, em Pamplona, Espanha, aos 63 anos de idade, v\u00edtima de doen\u00e7a. Em nota de condol\u00eancias, o MIREX destaca que Rui Mangueira foi um diplomata distinto e ...<\/p>\n","protected":false},"author":9,"featured_media":210833,"comment_status":"closed","ping_status":"closed","sticky":false,"template":"","format":"standard","meta":[],"categories":[142,121,163],"tags":[],"_links":{"self":[{"href":"https:\/\/rna.ao\/rna.ao\/wp-json\/wp\/v2\/posts\/210832"}],"collection":[{"href":"https:\/\/rna.ao\/rna.ao\/wp-json\/wp\/v2\/posts"}],"about":[{"href":"https:\/\/rna.ao\/rna.ao\/wp-json\/wp\/v2\/types\/post"}],"author":[{"embeddable":true,"href":"https:\/\/rna.ao\/rna.ao\/wp-json\/wp\/v2\/users\/9"}],"replies":[{"embeddable":true,"href":"https:\/\/rna.ao\/rna.ao\/wp-json\/wp\/v2\/comments?post=210832"}],"version-history":[{"count":1,"href":"https:\/\/rna.ao\/rna.ao\/wp-json\/wp\/v2\/posts\/210832\/revisions"}],"predecessor-version":[{"id":210834,"href":"https:\/\/rna.ao\/rna.ao\/wp-json\/wp\/v2\/posts\/210832\/revisions\/210834"}],"wp:featuredmedia":[{"embeddable":true,"href":"https:\/\/rna.ao\/rna.ao\/wp-json\/wp\/v2\/media\/210833"}],"wp:attachment":[{"href":"https:\/\/rna.ao\/rna.ao\/wp-json\/wp\/v2\/media?parent=210832"}],"wp:term":[{"taxonomy":"category","embeddable":true,"href":"https:\/\/rna.ao\/rna.ao\/wp-json\/wp\/v2\/categories?post=210832"},{"taxonomy":"post_tag","embeddable":true,"href":"https:\/\/rna.ao\/rna.ao\/wp-json\/wp\/v2\/tags?post=210832"}],"curies":[{"name":"wp","href":"https:\/\/api.w.org\/{rel}","templated":true}]}}