{"id":210611,"date":"2026-03-16T11:07:58","date_gmt":"2026-03-16T10:07:58","guid":{"rendered":"https:\/\/rna.ao\/rna.ao\/?p=210611"},"modified":"2026-03-16T11:07:58","modified_gmt":"2026-03-16T10:07:58","slug":"dia-de-concentracao-para-o-andebol-masculino-e-futsal-na-antecamara-as-provas-internacionais","status":"publish","type":"post","link":"https:\/\/rna.ao\/rna.ao\/2026\/03\/16\/dia-de-concentracao-para-o-andebol-masculino-e-futsal-na-antecamara-as-provas-internacionais\/","title":{"rendered":"Dia de concentra\u00e7\u00e3o para o andebol masculino e futsal na antec\u00e2mara as provas internacionais"},"content":{"rendered":"<p><img loading=\"lazy\" class=\"alignnone size-full wp-image-145758\" src=\"https:\/\/rna.ao\/rna.ao\/wp-content\/uploads\/2024\/06\/pavilhao.jpg\" alt=\"\" width=\"300\" height=\"201\" \/><\/p>\n<p>O\u00a0 pacote selec\u00e7\u00f5es, no andebol s\u00e9nior masculino, o conjunto nacional concentra-se hoje no pavilh\u00e3o principal da cidadela para come\u00e7ar a projectar o mundial da categoria a ter lugar de 13 a 31 de janeiro do pr\u00f3ximo ano. Para esta segunda semana IHF, o seleccionador Felipe Cruz vai contar com 19 jogadores que actuam aqui no pa\u00eds, realce para o guarda-redes do 1\u00ba de Agosto, Ariel da Silva, al\u00e9m do ponta direito, Cl\u00e1udio Chicola e o meia-dist\u00e2ncia direito, Feliciano Couveiro, ambos do Inter clube.<\/p>\n<p>Quem tamb\u00e9m se concentra hoje \u00e9 a selec\u00e7\u00e3o de futsal, tendo em vista o africano do Marrocos de 6 a 16 de abril pr\u00f3ximo. A concentra\u00e7\u00e3o acontece no pavilh\u00e3o da cidadela no per\u00edodo da noite, per\u00edodo escolhido para os trabalhos de prepara\u00e7\u00e3o.<\/p>\n<p>Franklin In\u00e1cio selecionador nacional fala do roteiro que vai marcar esta semana de trabalhos no pa\u00eds antes da viagem para o estagio em Portugal. Clique no \u00e1udio abaixo e ou\u00e7a:<\/p>\n\t<div class=\"qtmplayer-playlist-large\">\n\t\t<ul class=\"qtmplayer-playlist\">\n\t\t\t\n\t\t\t\t\t<li class=\"qtmplayer-trackitem\">\n\t\t<img src=\"https:\/\/rna.ao\/rna.ao\/wp-content\/uploads\/2024\/06\/pavilhao-100x100.jpg\" alt=\"cover\">\t\t<span \t\t\tdata-qtmplayer-cover=\"https:\/\/rna.ao\/rna.ao\/wp-content\/uploads\/2024\/06\/pavilhao.jpg\"\n\t\t\t\t\t\tdata-qtmplayer-file=\"https:\/\/rna.ao\/rna.ao\/wp-content\/uploads\/2026\/03\/8HRS-1-FRANKLIN-INACIO-16-03-26.mp3\"\n\t\t\t\t\t\tdata-qtmplayer-title=\"Dia de concentra\u00e7\u00e3o para o andebol masculino e futsal na antec\u00e2mara as provas internacionais\"\n\t\t\t\t\t\tdata-qtmplayer-artist=\"Carla Quipungo\"\n\t\t\t\t\t\tdata-qtmplayer-link=\"https:\/\/rna.ao\/rna.ao\/2026\/03\/16\/dia-de-concentracao-para-o-andebol-masculino-e-futsal-na-antecamara-as-provas-internacionais\/\"\n\t\t\t\t\t\tdata-qtmplayer-icon=\"file_download\"\n\t\t\t\t\t\tdata-qtmplayer-type=\"track\"\n\t\t\t class=\"qtmplayer-play qtmplayer-link-sec qtmplayer-play-btn\"><i class='material-icons'>play_arrow<\/i><\/span>\n\t\t<p>\n\t\t\t<span class=\"qtmplayer-tit\">Dia de concentra\u00e7\u00e3o para o andebol masculino e futsal na antec\u00e2mara as provas internacionais<\/span>\n\t\t\t<span class=\"qtmplayer-art\">Carla Quipungo<\/span>\n\t\t<\/p>\n\t<\/li>\n\t\t<\/ul>\n\t<\/div>\t\t\t\n\t\n<p>&nbsp;<\/p>\n<p>&nbsp;<\/p>\n","protected":false},"excerpt":{"rendered":"<p>O\u00a0 pacote selec\u00e7\u00f5es, no andebol s\u00e9nior masculino, o conjunto nacional concentra-se hoje no pavilh\u00e3o principal da cidadela para come\u00e7ar a projectar o mundial da categoria a ter lugar de 13 a 31 de janeiro do pr\u00f3ximo ano. Para esta segunda semana IHF, o seleccionador Felipe Cruz vai contar com 19 ...<\/p>\n","protected":false},"author":9,"featured_media":145758,"comment_status":"closed","ping_status":"closed","sticky":false,"template":"","format":"standard","meta":[],"categories":[145,125],"tags":[],"_links":{"self":[{"href":"https:\/\/rna.ao\/rna.ao\/wp-json\/wp\/v2\/posts\/210611"}],"collection":[{"href":"https:\/\/rna.ao\/rna.ao\/wp-json\/wp\/v2\/posts"}],"about":[{"href":"https:\/\/rna.ao\/rna.ao\/wp-json\/wp\/v2\/types\/post"}],"author":[{"embeddable":true,"href":"https:\/\/rna.ao\/rna.ao\/wp-json\/wp\/v2\/users\/9"}],"replies":[{"embeddable":true,"href":"https:\/\/rna.ao\/rna.ao\/wp-json\/wp\/v2\/comments?post=210611"}],"version-history":[{"count":1,"href":"https:\/\/rna.ao\/rna.ao\/wp-json\/wp\/v2\/posts\/210611\/revisions"}],"predecessor-version":[{"id":210613,"href":"https:\/\/rna.ao\/rna.ao\/wp-json\/wp\/v2\/posts\/210611\/revisions\/210613"}],"wp:featuredmedia":[{"embeddable":true,"href":"https:\/\/rna.ao\/rna.ao\/wp-json\/wp\/v2\/media\/145758"}],"wp:attachment":[{"href":"https:\/\/rna.ao\/rna.ao\/wp-json\/wp\/v2\/media?parent=210611"}],"wp:term":[{"taxonomy":"category","embeddable":true,"href":"https:\/\/rna.ao\/rna.ao\/wp-json\/wp\/v2\/categories?post=210611"},{"taxonomy":"post_tag","embeddable":true,"href":"https:\/\/rna.ao\/rna.ao\/wp-json\/wp\/v2\/tags?post=210611"}],"curies":[{"name":"wp","href":"https:\/\/api.w.org\/{rel}","templated":true}]}}