{"id":210599,"date":"2026-03-16T10:01:44","date_gmt":"2026-03-16T09:01:44","guid":{"rendered":"https:\/\/rna.ao\/rna.ao\/?p=210599"},"modified":"2026-03-16T10:01:44","modified_gmt":"2026-03-16T09:01:44","slug":"exploracao-ilegal-e-desenfreada-de-madeira-no-bengo-preocupa-autoridades-da-provincia-que-ensaia-medidas-para-travar-o-fenomeno","status":"publish","type":"post","link":"https:\/\/rna.ao\/rna.ao\/2026\/03\/16\/exploracao-ilegal-e-desenfreada-de-madeira-no-bengo-preocupa-autoridades-da-provincia-que-ensaia-medidas-para-travar-o-fenomeno\/","title":{"rendered":"Explora\u00e7\u00e3o ilegal  e desenfreada de madeira no Bengo, preocupa autoridades da prov\u00edncia, que ensaia medidas para travar o fen\u00f3meno"},"content":{"rendered":"<p><img loading=\"lazy\" class=\"alignnone size-medium wp-image-207724\" src=\"https:\/\/rna.ao\/rna.ao\/wp-content\/uploads\/2026\/02\/ministerio-coloca-a-venda-toros-de-madeiraa-770x514.jpg\" alt=\"\" width=\"770\" height=\"514\" srcset=\"https:\/\/rna.ao\/rna.ao\/wp-content\/uploads\/2026\/02\/ministerio-coloca-a-venda-toros-de-madeiraa-770x514.jpg 770w, https:\/\/rna.ao\/rna.ao\/wp-content\/uploads\/2026\/02\/ministerio-coloca-a-venda-toros-de-madeiraa-768x512.jpg 768w, https:\/\/rna.ao\/rna.ao\/wp-content\/uploads\/2026\/02\/ministerio-coloca-a-venda-toros-de-madeiraa.jpg 850w\" sizes=\"(max-width: 770px) 100vw, 770px\" \/><\/p>\n<p>Muitas empresas do sector madeireiro na Prov\u00edncia do Bengo est\u00e3o a operar sem\u00a0 licen\u00e7a ambiental.<br \/>\nA situa\u00e7\u00e3o est\u00e1 a preocupar as autoridades que anunciaram Medidas para travar a situa\u00e7\u00e3o.<br \/>\nJornalistaVladimiro Afonso. Clique no audio abaixo e ou\u00e7a:<\/p>\n\t<div class=\"qtmplayer-playlist-large\">\n\t\t<ul class=\"qtmplayer-playlist\">\n\t\t\t\n\t\t\t\t\t<li class=\"qtmplayer-trackitem\">\n\t\t<img src=\"https:\/\/rna.ao\/rna.ao\/wp-content\/uploads\/2026\/02\/ministerio-coloca-a-venda-toros-de-madeiraa-100x100.jpg\" alt=\"cover\">\t\t<span \t\t\tdata-qtmplayer-cover=\"https:\/\/rna.ao\/rna.ao\/wp-content\/uploads\/2026\/02\/ministerio-coloca-a-venda-toros-de-madeiraa-370x370.jpg\"\n\t\t\t\t\t\tdata-qtmplayer-file=\"https:\/\/rna.ao\/rna.ao\/wp-content\/uploads\/2026\/03\/BENGO-MADEIRA-07HRS.mp3\"\n\t\t\t\t\t\tdata-qtmplayer-title=\"Explora\u00e7\u00e3o ilegal  e desenfreada de madeira no Bengo, preocupa autoridades da prov\u00edncia, que ensaia medidas para travar o fen\u00f3meno\"\n\t\t\t\t\t\tdata-qtmplayer-artist=\"Patr\u00edcia Campos\"\n\t\t\t\t\t\tdata-qtmplayer-link=\"https:\/\/rna.ao\/rna.ao\/2026\/03\/16\/exploracao-ilegal-e-desenfreada-de-madeira-no-bengo-preocupa-autoridades-da-provincia-que-ensaia-medidas-para-travar-o-fenomeno\/\"\n\t\t\t\t\t\tdata-qtmplayer-icon=\"file_download\"\n\t\t\t\t\t\tdata-qtmplayer-type=\"track\"\n\t\t\t class=\"qtmplayer-play qtmplayer-link-sec qtmplayer-play-btn\"><i class='material-icons'>play_arrow<\/i><\/span>\n\t\t<p>\n\t\t\t<span class=\"qtmplayer-tit\">Explora\u00e7\u00e3o ilegal  e desenfreada de madeira no Bengo, preocupa autoridades da prov\u00edncia, que ensaia medidas para travar o fen\u00f3meno<\/span>\n\t\t\t<span class=\"qtmplayer-art\">Patr\u00edcia Campos<\/span>\n\t\t<\/p>\n\t<\/li>\n\t\t<\/ul>\n\t<\/div>\t\t\t\n\t\n<p>&nbsp;<\/p>\n","protected":false},"excerpt":{"rendered":"<p>Muitas empresas do sector madeireiro na Prov\u00edncia do Bengo est\u00e3o a operar sem\u00a0 licen\u00e7a ambiental. A situa\u00e7\u00e3o est\u00e1 a preocupar as autoridades que anunciaram Medidas para travar a situa\u00e7\u00e3o. JornalistaVladimiro Afonso. Clique no audio abaixo e ou\u00e7a: &nbsp;<\/p>\n","protected":false},"author":21,"featured_media":207724,"comment_status":"closed","ping_status":"closed","sticky":false,"template":"","format":"standard","meta":[],"categories":[142,121,164,163],"tags":[],"_links":{"self":[{"href":"https:\/\/rna.ao\/rna.ao\/wp-json\/wp\/v2\/posts\/210599"}],"collection":[{"href":"https:\/\/rna.ao\/rna.ao\/wp-json\/wp\/v2\/posts"}],"about":[{"href":"https:\/\/rna.ao\/rna.ao\/wp-json\/wp\/v2\/types\/post"}],"author":[{"embeddable":true,"href":"https:\/\/rna.ao\/rna.ao\/wp-json\/wp\/v2\/users\/21"}],"replies":[{"embeddable":true,"href":"https:\/\/rna.ao\/rna.ao\/wp-json\/wp\/v2\/comments?post=210599"}],"version-history":[{"count":1,"href":"https:\/\/rna.ao\/rna.ao\/wp-json\/wp\/v2\/posts\/210599\/revisions"}],"predecessor-version":[{"id":210602,"href":"https:\/\/rna.ao\/rna.ao\/wp-json\/wp\/v2\/posts\/210599\/revisions\/210602"}],"wp:featuredmedia":[{"embeddable":true,"href":"https:\/\/rna.ao\/rna.ao\/wp-json\/wp\/v2\/media\/207724"}],"wp:attachment":[{"href":"https:\/\/rna.ao\/rna.ao\/wp-json\/wp\/v2\/media?parent=210599"}],"wp:term":[{"taxonomy":"category","embeddable":true,"href":"https:\/\/rna.ao\/rna.ao\/wp-json\/wp\/v2\/categories?post=210599"},{"taxonomy":"post_tag","embeddable":true,"href":"https:\/\/rna.ao\/rna.ao\/wp-json\/wp\/v2\/tags?post=210599"}],"curies":[{"name":"wp","href":"https:\/\/api.w.org\/{rel}","templated":true}]}}