{"id":210595,"date":"2026-03-16T09:51:37","date_gmt":"2026-03-16T08:51:37","guid":{"rendered":"https:\/\/rna.ao\/rna.ao\/?p=210595"},"modified":"2026-03-16T10:29:23","modified_gmt":"2026-03-16T09:29:23","slug":"contabilizados-10-mortos-do-acidente-de-viacao-em-cabo-ledo-feridos-continuam-a-receber-assistencia-medica-em-hospitais-de-luanda","status":"publish","type":"post","link":"https:\/\/rna.ao\/rna.ao\/2026\/03\/16\/contabilizados-10-mortos-do-acidente-de-viacao-em-cabo-ledo-feridos-continuam-a-receber-assistencia-medica-em-hospitais-de-luanda\/","title":{"rendered":"Contabilizados 10 Mortos do acidente de via\u00e7\u00e3o em Cabo Ledo. Feridos continuam a receber assist\u00eancia m\u00e9dica em hospitais de Luanda"},"content":{"rendered":"<p><img loading=\"lazy\" class=\"alignnone size-medium wp-image-210583\" src=\"https:\/\/rna.ao\/rna.ao\/wp-content\/uploads\/2026\/03\/IMG_0545-578x770.jpeg\" alt=\"\" width=\"578\" height=\"770\" srcset=\"https:\/\/rna.ao\/rna.ao\/wp-content\/uploads\/2026\/03\/IMG_0545-578x770.jpeg 578w, https:\/\/rna.ao\/rna.ao\/wp-content\/uploads\/2026\/03\/IMG_0545.jpeg 720w\" sizes=\"(max-width: 578px) 100vw, 578px\" \/><\/p>\n<p>Est\u00e3o contabilizados dez mortos do acidente rodovi\u00e1rio corrido ontem na estrada nacional n\u00famero 100, na localidade de Sangano, munic\u00edpio de Cabo Ledo, na prov\u00edncia do Icolo e Bengo.<br \/>\nO acidente envolveu um autocarro da empresa Macon que transportava 49 passageiros que regressavam do sexto encontro nacional de enfermagem que decorreu no Lubango, prov\u00edncia da Hu\u00edla.<br \/>\nDe acordo com a Ministra da Sa\u00fade, S\u00edlvia Lutucuta, os pacientes t\u00eam les\u00f5es f\u00edsicas graves, por isso, est\u00e3o a ser submetidos em cirurgia para a correc\u00e7\u00e3o. Jornalista Maira tavares. Clique no \u00e1udio abaixo e ou\u00e7a:<\/p>\n\t<div class=\"qtmplayer-playlist-large\">\n\t\t<ul class=\"qtmplayer-playlist\">\n\t\t\t\n\t\t\t\t\t<li class=\"qtmplayer-trackitem\">\n\t\t<img src=\"https:\/\/rna.ao\/rna.ao\/wp-content\/uploads\/2026\/03\/IMG_0545-100x100.jpeg\" alt=\"cover\">\t\t<span \t\t\tdata-qtmplayer-cover=\"https:\/\/rna.ao\/rna.ao\/wp-content\/uploads\/2026\/03\/IMG_0545-370x370.jpeg\"\n\t\t\t\t\t\tdata-qtmplayer-file=\"https:\/\/rna.ao\/rna.ao\/wp-content\/uploads\/2026\/03\/MAIRA-TAVARES-07HRS.mp3\"\n\t\t\t\t\t\tdata-qtmplayer-title=\"Contabilizados 10 Mortos do acidente de via\u00e7\u00e3o em Cabo Ledo. Feridos continuam a receber assist\u00eancia m\u00e9dica em hospitais de Luanda\"\n\t\t\t\t\t\tdata-qtmplayer-artist=\"Patr\u00edcia Campos\"\n\t\t\t\t\t\tdata-qtmplayer-link=\"https:\/\/rna.ao\/rna.ao\/2026\/03\/16\/contabilizados-10-mortos-do-acidente-de-viacao-em-cabo-ledo-feridos-continuam-a-receber-assistencia-medica-em-hospitais-de-luanda\/\"\n\t\t\t\t\t\tdata-qtmplayer-icon=\"file_download\"\n\t\t\t\t\t\tdata-qtmplayer-type=\"track\"\n\t\t\t class=\"qtmplayer-play qtmplayer-link-sec qtmplayer-play-btn\"><i class='material-icons'>play_arrow<\/i><\/span>\n\t\t<p>\n\t\t\t<span class=\"qtmplayer-tit\">Contabilizados 10 Mortos do acidente de via\u00e7\u00e3o em Cabo Ledo. Feridos continuam a receber assist\u00eancia m\u00e9dica em hospitais de Luanda<\/span>\n\t\t\t<span class=\"qtmplayer-art\">Patr\u00edcia Campos<\/span>\n\t\t<\/p>\n\t<\/li>\n\t\t<\/ul>\n\t<\/div>\t\t\t\n\t\n<p>&nbsp;<\/p>\n<p>&nbsp;<\/p>\n","protected":false},"excerpt":{"rendered":"<p>Est\u00e3o contabilizados dez mortos do acidente rodovi\u00e1rio corrido ontem na estrada nacional n\u00famero 100, na localidade de Sangano, munic\u00edpio de Cabo Ledo, na prov\u00edncia do Icolo e Bengo. O acidente envolveu um autocarro da empresa Macon que transportava 49 passageiros que regressavam do sexto encontro nacional de enfermagem que decorreu ...<\/p>\n","protected":false},"author":21,"featured_media":210583,"comment_status":"closed","ping_status":"closed","sticky":false,"template":"","format":"standard","meta":[],"categories":[142,121,164,163],"tags":[],"_links":{"self":[{"href":"https:\/\/rna.ao\/rna.ao\/wp-json\/wp\/v2\/posts\/210595"}],"collection":[{"href":"https:\/\/rna.ao\/rna.ao\/wp-json\/wp\/v2\/posts"}],"about":[{"href":"https:\/\/rna.ao\/rna.ao\/wp-json\/wp\/v2\/types\/post"}],"author":[{"embeddable":true,"href":"https:\/\/rna.ao\/rna.ao\/wp-json\/wp\/v2\/users\/21"}],"replies":[{"embeddable":true,"href":"https:\/\/rna.ao\/rna.ao\/wp-json\/wp\/v2\/comments?post=210595"}],"version-history":[{"count":1,"href":"https:\/\/rna.ao\/rna.ao\/wp-json\/wp\/v2\/posts\/210595\/revisions"}],"predecessor-version":[{"id":210598,"href":"https:\/\/rna.ao\/rna.ao\/wp-json\/wp\/v2\/posts\/210595\/revisions\/210598"}],"wp:featuredmedia":[{"embeddable":true,"href":"https:\/\/rna.ao\/rna.ao\/wp-json\/wp\/v2\/media\/210583"}],"wp:attachment":[{"href":"https:\/\/rna.ao\/rna.ao\/wp-json\/wp\/v2\/media?parent=210595"}],"wp:term":[{"taxonomy":"category","embeddable":true,"href":"https:\/\/rna.ao\/rna.ao\/wp-json\/wp\/v2\/categories?post=210595"},{"taxonomy":"post_tag","embeddable":true,"href":"https:\/\/rna.ao\/rna.ao\/wp-json\/wp\/v2\/tags?post=210595"}],"curies":[{"name":"wp","href":"https:\/\/api.w.org\/{rel}","templated":true}]}}