{"id":210591,"date":"2026-03-16T09:42:48","date_gmt":"2026-03-16T08:42:48","guid":{"rendered":"https:\/\/rna.ao\/rna.ao\/?p=210591"},"modified":"2026-03-16T09:42:48","modified_gmt":"2026-03-16T08:42:48","slug":"alunos-de-115-escolas-de-luanda-comecam-a-ser-desparasitados-hoje","status":"publish","type":"post","link":"https:\/\/rna.ao\/rna.ao\/2026\/03\/16\/alunos-de-115-escolas-de-luanda-comecam-a-ser-desparasitados-hoje\/","title":{"rendered":"Alunos de 115 escolas de Luanda come\u00e7am a ser desparasitados hoje"},"content":{"rendered":"<p><img loading=\"lazy\" class=\"alignnone  wp-image-141143\" src=\"https:\/\/rna.ao\/rna.ao\/wp-content\/uploads\/2024\/05\/escolas-em-luanda-alunos.jpg\" alt=\"\" width=\"521\" height=\"363\" \/><\/p>\n<p>Come\u00e7a hoje aqui em Luanda a campanha de desparasita\u00e7\u00e3o dos alunos do ensino prim\u00e1rio, primeiro ciclo e segundo ciclo, de cento e quinze escolas.<br \/>\nDe acordo com o coordenador provincial do programa de doen\u00e7as tropicais negligenciadas, Artur Luciano, a campanha, a decorrer at\u00e9 ao dia 20 deste m\u00eas, prev\u00ea desparasitar cerca de setecentos mil alunos de 5 aos 14 anos em sete munic\u00edpios de Luanda. Clique no \u00e1udio abaixo e ou\u00e7a:<\/p>\n\t<div class=\"qtmplayer-playlist-large\">\n\t\t<ul class=\"qtmplayer-playlist\">\n\t\t\t\n\t\t\t\t\t<li class=\"qtmplayer-trackitem\">\n\t\t<img src=\"https:\/\/rna.ao\/rna.ao\/wp-content\/uploads\/2024\/05\/escolas-em-luanda-alunos-100x100.jpg\" alt=\"cover\">\t\t<span \t\t\tdata-qtmplayer-cover=\"https:\/\/rna.ao\/rna.ao\/wp-content\/uploads\/2024\/05\/escolas-em-luanda-alunos.jpg\"\n\t\t\t\t\t\tdata-qtmplayer-file=\"https:\/\/rna.ao\/rna.ao\/wp-content\/uploads\/2026\/03\/ARTUR-LUCIANO-6H.mp3\"\n\t\t\t\t\t\tdata-qtmplayer-title=\"Alunos de 115 escolas de Luanda come\u00e7am a ser desparasitados hoje\"\n\t\t\t\t\t\tdata-qtmplayer-artist=\"Patr\u00edcia Campos\"\n\t\t\t\t\t\tdata-qtmplayer-link=\"https:\/\/rna.ao\/rna.ao\/2026\/03\/16\/alunos-de-115-escolas-de-luanda-comecam-a-ser-desparasitados-hoje\/\"\n\t\t\t\t\t\tdata-qtmplayer-icon=\"file_download\"\n\t\t\t\t\t\tdata-qtmplayer-type=\"track\"\n\t\t\t class=\"qtmplayer-play qtmplayer-link-sec qtmplayer-play-btn\"><i class='material-icons'>play_arrow<\/i><\/span>\n\t\t<p>\n\t\t\t<span class=\"qtmplayer-tit\">Alunos de 115 escolas de Luanda come\u00e7am a ser desparasitados hoje<\/span>\n\t\t\t<span class=\"qtmplayer-art\">Patr\u00edcia Campos<\/span>\n\t\t<\/p>\n\t<\/li>\n\t\t<\/ul>\n\t<\/div>\t\t\t\n\t\n<p>&nbsp;<\/p>\n<p>A coordenadora Nacional do Programa de Combate \u00e0s Doen\u00e7as Tropicais Negligenciadas, Maria Cec\u00edlia, alerta para a necessidade de ades\u00e3o a campanha para se evitar complica\u00e7\u00f5es futuras. Clique no \u00e1udio abaixo e ou\u00e7a:<\/p>\n\t<div class=\"qtmplayer-playlist-large\">\n\t\t<ul class=\"qtmplayer-playlist\">\n\t\t\t\n\t\t\t\t\t<li class=\"qtmplayer-trackitem\">\n\t\t<img src=\"https:\/\/rna.ao\/rna.ao\/wp-content\/uploads\/2024\/05\/escolas-em-luanda-alunos-100x100.jpg\" alt=\"cover\">\t\t<span \t\t\tdata-qtmplayer-cover=\"https:\/\/rna.ao\/rna.ao\/wp-content\/uploads\/2024\/05\/escolas-em-luanda-alunos.jpg\"\n\t\t\t\t\t\tdata-qtmplayer-file=\"https:\/\/rna.ao\/rna.ao\/wp-content\/uploads\/2026\/03\/MARIA-CECILIA-6H.mp3\"\n\t\t\t\t\t\tdata-qtmplayer-title=\"Alunos de 115 escolas de Luanda come\u00e7am a ser desparasitados hoje\"\n\t\t\t\t\t\tdata-qtmplayer-artist=\"Patr\u00edcia Campos\"\n\t\t\t\t\t\tdata-qtmplayer-link=\"https:\/\/rna.ao\/rna.ao\/2026\/03\/16\/alunos-de-115-escolas-de-luanda-comecam-a-ser-desparasitados-hoje\/\"\n\t\t\t\t\t\tdata-qtmplayer-icon=\"file_download\"\n\t\t\t\t\t\tdata-qtmplayer-type=\"track\"\n\t\t\t class=\"qtmplayer-play qtmplayer-link-sec qtmplayer-play-btn\"><i class='material-icons'>play_arrow<\/i><\/span>\n\t\t<p>\n\t\t\t<span class=\"qtmplayer-tit\">Alunos de 115 escolas de Luanda come\u00e7am a ser desparasitados hoje<\/span>\n\t\t\t<span class=\"qtmplayer-art\">Patr\u00edcia Campos<\/span>\n\t\t<\/p>\n\t<\/li>\n\t\t<\/ul>\n\t<\/div>\t\t\t\n\t\n<p>&nbsp;<\/p>\n","protected":false},"excerpt":{"rendered":"<p>Come\u00e7a hoje aqui em Luanda a campanha de desparasita\u00e7\u00e3o dos alunos do ensino prim\u00e1rio, primeiro ciclo e segundo ciclo, de cento e quinze escolas. De acordo com o coordenador provincial do programa de doen\u00e7as tropicais negligenciadas, Artur Luciano, a campanha, a decorrer at\u00e9 ao dia 20 deste m\u00eas, prev\u00ea desparasitar ...<\/p>\n","protected":false},"author":21,"featured_media":141143,"comment_status":"closed","ping_status":"closed","sticky":false,"template":"","format":"standard","meta":[],"categories":[142,121,164,163],"tags":[],"_links":{"self":[{"href":"https:\/\/rna.ao\/rna.ao\/wp-json\/wp\/v2\/posts\/210591"}],"collection":[{"href":"https:\/\/rna.ao\/rna.ao\/wp-json\/wp\/v2\/posts"}],"about":[{"href":"https:\/\/rna.ao\/rna.ao\/wp-json\/wp\/v2\/types\/post"}],"author":[{"embeddable":true,"href":"https:\/\/rna.ao\/rna.ao\/wp-json\/wp\/v2\/users\/21"}],"replies":[{"embeddable":true,"href":"https:\/\/rna.ao\/rna.ao\/wp-json\/wp\/v2\/comments?post=210591"}],"version-history":[{"count":1,"href":"https:\/\/rna.ao\/rna.ao\/wp-json\/wp\/v2\/posts\/210591\/revisions"}],"predecessor-version":[{"id":210594,"href":"https:\/\/rna.ao\/rna.ao\/wp-json\/wp\/v2\/posts\/210591\/revisions\/210594"}],"wp:featuredmedia":[{"embeddable":true,"href":"https:\/\/rna.ao\/rna.ao\/wp-json\/wp\/v2\/media\/141143"}],"wp:attachment":[{"href":"https:\/\/rna.ao\/rna.ao\/wp-json\/wp\/v2\/media?parent=210591"}],"wp:term":[{"taxonomy":"category","embeddable":true,"href":"https:\/\/rna.ao\/rna.ao\/wp-json\/wp\/v2\/categories?post=210591"},{"taxonomy":"post_tag","embeddable":true,"href":"https:\/\/rna.ao\/rna.ao\/wp-json\/wp\/v2\/tags?post=210591"}],"curies":[{"name":"wp","href":"https:\/\/api.w.org\/{rel}","templated":true}]}}